{"id":39711,"date":"2018-04-06T10:20:10","date_gmt":"2018-04-06T13:20:10","guid":{"rendered":"http:\/\/catolicanet.net\/wp-cnet\/?p=39711"},"modified":"2018-04-06T10:20:10","modified_gmt":"2018-04-06T13:20:10","slug":"137-bilhoes-de-anos-em-10-minutos-todo-o-universo-em-um-video-extraordinario","status":"publish","type":"post","link":"https:\/\/catolicanet.net\/wp-cnet\/137-bilhoes-de-anos-em-10-minutos-todo-o-universo-em-um-video-extraordinario\/","title":{"rendered":"13,7 bilh\u00f5es de anos em 10 minutos: todo o universo em um v\u00eddeo extraordin\u00e1rio"},"content":{"rendered":"<div data-io-article-url=\"https:\/\/pt.aleteia.org\/2018\/04\/06\/137-bilhoes-de-anos-em-10-minutos-todo-o-universo-em-um-video-extraordinario\/\">\n<h2 class=\"subtitle\">E talvez o mais impactante seja ver o literal piscar de olhos que representa a nossa recent\u00edssima exist\u00eancia numa hist\u00f3ria infinitamente maior que n\u00f3s<\/h2>\n<p>\u201c<em>Narram os c\u00e9us a gl\u00f3ria de Deus e o firmamento anuncia a obra de suas m\u00e3os<\/em>\u201c, proclama o Salmo 18, vislumbrando na cria\u00e7\u00e3o um reflexo p\u00e1lido, mas j\u00e1 fascinante, do Criador.<\/p>\n<p>Neste v\u00eddeo extraordin\u00e1rio, voc\u00ea assistir\u00e1 \u00e0 trajet\u00f3ria do universo desde o \u201cBig Bang\u201d at\u00e9 o instante atual, numa escala de tempo adaptada a 10 minutos. Sim: s\u00e3o quase 14 bilh\u00f5es de anos de mat\u00e9ria, luz, estrelas, buracos negros, gal\u00e1xias e vida, condensados em 10 minutos de um v\u00eddeo impressionante, feito com anima\u00e7\u00f5es computadorizadas, fotos da NASA, document\u00e1rios da BBC e at\u00e9 extratos de \u201cA \u00c1rvore da Vida\u201d, de Terrence Malick.<\/p>\n<p>O ser humano? Sim, ele aparece finalmente, durante uma fra\u00e7\u00e3o de segundo quase impercept\u00edvel: a \u00faltima fra\u00e7\u00e3o de segundo. Como um literal piscar de olhos, n\u00f3s s\u00f3 aparecemos entre os \u00faltimos desenvolvimentos de uma hist\u00f3ria infinitamente maior que n\u00f3s.<\/p>\n<p>Relaxe e maravilhe-se:<\/p>\n<p><span class=\"embed-youtube\"><iframe loading=\"lazy\" class=\"youtube-player\" src=\"https:\/\/www.youtube.com\/embed\/TBikbn5XJhg?enablejsapi=1&amp;origin=https:\/\/pt.aleteia.org&amp;version=3&amp;rel=1&amp;fs=1&amp;autohide=2&amp;showsearch=0&amp;showinfo=1&amp;iv_load_policy=1&amp;wmode=transparent\" width=\"560\" height=\"315\" allowfullscreen=\"allowfullscreen\" data-mce-fragment=\"1\"><\/iframe><\/span><em>Caso n\u00e3o consiga visualizar o v\u00eddeo aqui na p\u00e1gina devido a configura\u00e7\u00f5es do seu navegador, acesse-o diretamente no YouTube <a href=\"https:\/\/youtu.be\/TBikbn5XJhg\" target=\"_blank\" rel=\"noopener\">por aqui<\/a>.<\/em><\/p>\n<\/div>\n<div class=\"row\">\n<div class=\"col-xs-12 text-center pagination-cont-article\"><\/div>\n<div>Fonte: Aleteia<\/div>\n<\/div>\n","protected":false},"excerpt":{"rendered":"<p>E talvez o mais impactante seja ver o literal piscar de olhos que representa a nossa recent\u00edssima exist\u00eancia numa hist\u00f3ria infinitamente maior que n\u00f3s \u201cNarram os c\u00e9us a gl\u00f3ria de Deus e o firmamento anuncia a obra de suas m\u00e3os\u201c, proclama o Salmo 18, vislumbrando na cria\u00e7\u00e3o um reflexo p\u00e1lido, mas j\u00e1 fascinante, do Criador. [&hellip;]<\/p>\n","protected":false},"author":1,"featured_media":39712,"comment_status":"open","ping_status":"closed","sticky":false,"template":"","format":"standard","meta":{"footnotes":""},"categories":[13],"tags":[],"class_list":["post-39711","post","type-post","status-publish","format-standard","has-post-thumbnail","hentry","category-featured"],"_links":{"self":[{"href":"https:\/\/catolicanet.net\/wp-cnet\/wp-json\/wp\/v2\/posts\/39711","targetHints":{"allow":["GET"]}}],"collection":[{"href":"https:\/\/catolicanet.net\/wp-cnet\/wp-json\/wp\/v2\/posts"}],"about":[{"href":"https:\/\/catolicanet.net\/wp-cnet\/wp-json\/wp\/v2\/types\/post"}],"author":[{"embeddable":true,"href":"https:\/\/catolicanet.net\/wp-cnet\/wp-json\/wp\/v2\/users\/1"}],"replies":[{"embeddable":true,"href":"https:\/\/catolicanet.net\/wp-cnet\/wp-json\/wp\/v2\/comments?post=39711"}],"version-history":[{"count":1,"href":"https:\/\/catolicanet.net\/wp-cnet\/wp-json\/wp\/v2\/posts\/39711\/revisions"}],"predecessor-version":[{"id":39713,"href":"https:\/\/catolicanet.net\/wp-cnet\/wp-json\/wp\/v2\/posts\/39711\/revisions\/39713"}],"wp:featuredmedia":[{"embeddable":true,"href":"https:\/\/catolicanet.net\/wp-cnet\/wp-json\/wp\/v2\/media\/39712"}],"wp:attachment":[{"href":"https:\/\/catolicanet.net\/wp-cnet\/wp-json\/wp\/v2\/media?parent=39711"}],"wp:term":[{"taxonomy":"category","embeddable":true,"href":"https:\/\/catolicanet.net\/wp-cnet\/wp-json\/wp\/v2\/categories?post=39711"},{"taxonomy":"post_tag","embeddable":true,"href":"https:\/\/catolicanet.net\/wp-cnet\/wp-json\/wp\/v2\/tags?post=39711"}],"curies":[{"name":"wp","href":"https:\/\/api.w.org\/{rel}","templated":true}]}}