{"id":39707,"date":"2018-04-06T10:05:18","date_gmt":"2018-04-06T13:05:18","guid":{"rendered":"http:\/\/catolicanet.net\/wp-cnet\/?p=39707"},"modified":"2018-04-06T10:10:06","modified_gmt":"2018-04-06T13:10:06","slug":"paulo-apostolo-de-cristo-ja-tem-data-para-estrear-brasil","status":"publish","type":"post","link":"https:\/\/catolicanet.net\/wp-cnet\/paulo-apostolo-de-cristo-ja-tem-data-para-estrear-brasil\/","title":{"rendered":"\u201cPaulo, Ap\u00f3stolo de Cristo\u201d j\u00e1 tem data para estrear Brasil"},"content":{"rendered":"<div data-io-article-url=\"https:\/\/pt.aleteia.org\/2018\/04\/06\/paulo-apostolo-de-cristo-ja-tem-data-para-estrear-brasil\/\">\n<h2 class=\"subtitle\">Um dos filmes mais esperados do ano<\/h2>\n<p>Um dos mais intolerantes perseguidores dos crist\u00e3os se torna um deles. Saulo vira Paulo e causa um grande transtorno para o Imp\u00e9rio. Mantido em cativeiro romano, o ex-soldado recebe a visita de Lucas, o evangelista, que juntos passam a lutar contra o imperador e se arriscam para levar a mensagem de Jesus Cristo ao mundo.<\/p>\n<p>Essa \u00e9 a instigante sinopse de \u201cPaulo, ap\u00f3stolo de Cristo\u201d, filme que\u00a0<b>estreia no dia 3 de maio\u00a0<\/b>nos cinemas do Brasil e que, desde o final de mar\u00e7o, j\u00e1 arrecadou mais de 12,5 milh\u00f5es de d\u00f3lares em bilheteria nos EUA.<\/p>\n<p>O longa ainda dramatiza uma visita de Lucas a Paulo em que ele transcreve as hist\u00f3rias vividas pelo romano, momento em que, no filme, se d\u00e1 o nascimento do livro b\u00edblico de Atos dos Ap\u00f3stolos.<\/p>\n<p>Dirigido e escrito por Andrew Hyatt (<i>Maria, cheia de Gra\u00e7a<\/i>), o filme tem como protagonista o experiente<b>\u00a0James Faulkner (<i>Game Of Thrones<\/i>)<\/b>\u00a0no papel de Paulo, e<b>\u00a0Jim Caviezel<\/b>\u00a0(Jesus Cristo em\u00a0<i>A Paix\u00e3o de Cristo<\/i>) como Lucas.<\/p>\n<p>A obra cinematogr\u00e1fica \u00e9 o mais novo lan\u00e7amento da\u00a0<i>Sony Pictures<\/i>, com produ\u00e7\u00e3o da\u00a0<i>Affirm Films<\/i>, est\u00fadio especializado em filmes baseados na f\u00e9 como \u201cMilagres do Para\u00edso\u201d e \u201c\u00c0 Prova de Fogo\u201d.<\/p>\n<h3><b>Pr\u00e9-venda e desconto para grupos crist\u00e3os<\/b><\/h3>\n<p><i>Paulo, Ap\u00f3stolo de Cristo<\/i>\u00a0ter\u00e1 pr\u00e9-vendas de ingressos em algumas cidades do Brasil com descontos especiais para igrejas que organizarem grupos a partir de 50 pessoas.<\/p>\n<p><a href=\"https:\/\/www.youtube.com\/watch?v=000WIJF8dhY\" target=\"_blank\" rel=\"noopener\"><b>Assista ao trailer legendado de \u201cPaulo, ap\u00f3stolo de Cristo\u201d:<\/b><\/a><\/p>\n<p><span class=\"embed-youtube\"><iframe loading=\"lazy\" class=\"youtube-player\" src=\"https:\/\/www.youtube.com\/embed\/000WIJF8dhY?enablejsapi=1&amp;origin=https:\/\/pt.aleteia.org&amp;version=3&amp;rel=1&amp;fs=1&amp;autohide=2&amp;showsearch=0&amp;showinfo=1&amp;iv_load_policy=1&amp;wmode=transparent\" width=\"1440\" height=\"840\" allowfullscreen=\"allowfullscreen\" data-mce-fragment=\"1\"><\/iframe><\/span><\/p>\n<\/div>\n<div class=\"row\">\n<div class=\"col-xs-12 text-center pagination-cont-article\"><\/div>\n<\/div>\n<div id=\"postuparticleinline\"><\/div>\n<div id=\"end-of-article\"><\/div>\n<div id=\"patron-popup\">\n<div class=\"pp-header-cont\">\n<h5>Junte-se a n\u00f3s:<\/h5>\n<div class=\"top-triangle\"><\/div>\n<\/div>\n<div class=\"inner-cont\">\n<div>\n<p>temos um favor a te pedir. Os leitores da Aleteia continuam crescendo rapidamente, mas a publicidade nos meios de comunica\u00e7\u00e3o est\u00e1 caindo de forma dr\u00e1stica. Certamente voc\u00ea j\u00e1 notou que muitos sites est\u00e3o exigindo assinatura paga para acessar os conte\u00fados. Para n\u00f3s, no entanto, esta n\u00e3o \u00e9 uma op\u00e7\u00e3o, j\u00e1 que nossa miss\u00e3o apost\u00f3lica \u00e9 promover e inspirar a vida crist\u00e3 para o maior n\u00famero poss\u00edvel de cat\u00f3licos. N\u00f3s gostar\u00edamos de reduzir o n\u00famero de an\u00fancios no site, mas simplesmente n\u00e3o podemos fazer isso, a menos que consigamos de outras formas a renda necess\u00e1ria para sustentar nossa miss\u00e3o. \u00c9 por isso que precisamos da sua ajuda. O conte\u00fado da Aleteia requer muito trabalho e tem um custo alto de produ\u00e7\u00e3o e distribui\u00e7\u00e3o. N\u00f3s continuaremos oferecendo a voc\u00ea o nosso servi\u00e7o, mas se cada pessoa que nos l\u00ea e aprecia quisesse nos ajudar, o futuro desta miss\u00e3o seria mais seguro. Com apenas $1, voc\u00ea pode apoiar a Aleteia, e isso s\u00f3 lever\u00e1 um minuto. Obrigado por pensar nisso!<\/p>\n<\/div>\n<\/div>\n<p>Fonte: Aleteia<\/p>\n<\/div>\n","protected":false},"excerpt":{"rendered":"<p>Um dos filmes mais esperados do ano Um dos mais intolerantes perseguidores dos crist\u00e3os se torna um deles. Saulo vira Paulo e causa um grande transtorno para o Imp\u00e9rio. Mantido em cativeiro romano, o ex-soldado recebe a visita de Lucas, o evangelista, que juntos passam a lutar contra o imperador e se arriscam para levar [&hellip;]<\/p>\n","protected":false},"author":1,"featured_media":39708,"comment_status":"open","ping_status":"closed","sticky":false,"template":"","format":"standard","meta":{"footnotes":""},"categories":[13],"tags":[],"class_list":["post-39707","post","type-post","status-publish","format-standard","has-post-thumbnail","hentry","category-featured"],"_links":{"self":[{"href":"https:\/\/catolicanet.net\/wp-cnet\/wp-json\/wp\/v2\/posts\/39707","targetHints":{"allow":["GET"]}}],"collection":[{"href":"https:\/\/catolicanet.net\/wp-cnet\/wp-json\/wp\/v2\/posts"}],"about":[{"href":"https:\/\/catolicanet.net\/wp-cnet\/wp-json\/wp\/v2\/types\/post"}],"author":[{"embeddable":true,"href":"https:\/\/catolicanet.net\/wp-cnet\/wp-json\/wp\/v2\/users\/1"}],"replies":[{"embeddable":true,"href":"https:\/\/catolicanet.net\/wp-cnet\/wp-json\/wp\/v2\/comments?post=39707"}],"version-history":[{"count":2,"href":"https:\/\/catolicanet.net\/wp-cnet\/wp-json\/wp\/v2\/posts\/39707\/revisions"}],"predecessor-version":[{"id":39710,"href":"https:\/\/catolicanet.net\/wp-cnet\/wp-json\/wp\/v2\/posts\/39707\/revisions\/39710"}],"wp:featuredmedia":[{"embeddable":true,"href":"https:\/\/catolicanet.net\/wp-cnet\/wp-json\/wp\/v2\/media\/39708"}],"wp:attachment":[{"href":"https:\/\/catolicanet.net\/wp-cnet\/wp-json\/wp\/v2\/media?parent=39707"}],"wp:term":[{"taxonomy":"category","embeddable":true,"href":"https:\/\/catolicanet.net\/wp-cnet\/wp-json\/wp\/v2\/categories?post=39707"},{"taxonomy":"post_tag","embeddable":true,"href":"https:\/\/catolicanet.net\/wp-cnet\/wp-json\/wp\/v2\/tags?post=39707"}],"curies":[{"name":"wp","href":"https:\/\/api.w.org\/{rel}","templated":true}]}}