{"id":39672,"date":"2018-04-05T15:12:29","date_gmt":"2018-04-05T18:12:29","guid":{"rendered":"http:\/\/catolicanet.net\/wp-cnet\/?p=39672"},"modified":"2018-04-05T15:12:29","modified_gmt":"2018-04-05T18:12:29","slug":"secretario-geral-da-cnbb-sofre-infarto","status":"publish","type":"post","link":"https:\/\/catolicanet.net\/wp-cnet\/secretario-geral-da-cnbb-sofre-infarto\/","title":{"rendered":"Secret\u00e1rio geral da CNBB sofre infarto"},"content":{"rendered":"<div data-io-article-url=\"https:\/\/pt.aleteia.org\/2018\/04\/05\/secretario-geral-da-cnbb-sofre-infarto\/\">\n<h2 class=\"subtitle\">Dom Leonardo Steiner n\u00e3o participar\u00e1 da Assembleia Geral anual dos bispos brasileiros<\/h2>\n<p>A assessoria de imprensa da <strong>Confer\u00eancia Nacional dos Bispos do Brasil<\/strong> (CNBB), confirmou que <strong>Dom Leonardo Ulrich Steiner<\/strong>, seu secret\u00e1rio geral, sofreu um infarto do mioc\u00e1rdio na \u00faltima semana e precisou passar por um cateterismo. Em recupera\u00e7\u00e3o, dom Leonardo est\u00e1 em casa e apresenta bom estado de sa\u00fade.<\/p>\n<p>No entanto, ele n\u00e3o poder\u00e1 participar da <strong>56\u00aa Assembleia Geral da CNBB<\/strong>, agendada para os dias 10 a 20 de abril, em Aparecida. A presid\u00eancia da CNBB indicar\u00e1 um secret\u00e1rio substituto para esta edi\u00e7\u00e3o anual da assembleia geral.<\/p>\n<\/div>\n<div class=\"row\">\n<div class=\"col-xs-12 text-center pagination-cont-article\"><\/div>\n<div>Fonte: Aletaia<\/div>\n<\/div>\n","protected":false},"excerpt":{"rendered":"<p>Dom Leonardo Steiner n\u00e3o participar\u00e1 da Assembleia Geral anual dos bispos brasileiros A assessoria de imprensa da Confer\u00eancia Nacional dos Bispos do Brasil (CNBB), confirmou que Dom Leonardo Ulrich Steiner, seu secret\u00e1rio geral, sofreu um infarto do mioc\u00e1rdio na \u00faltima semana e precisou passar por um cateterismo. Em recupera\u00e7\u00e3o, dom Leonardo est\u00e1 em casa e [&hellip;]<\/p>\n","protected":false},"author":1,"featured_media":39673,"comment_status":"open","ping_status":"closed","sticky":false,"template":"","format":"standard","meta":{"footnotes":""},"categories":[4],"tags":[],"class_list":["post-39672","post","type-post","status-publish","format-standard","has-post-thumbnail","hentry","category-cotidiano"],"_links":{"self":[{"href":"https:\/\/catolicanet.net\/wp-cnet\/wp-json\/wp\/v2\/posts\/39672","targetHints":{"allow":["GET"]}}],"collection":[{"href":"https:\/\/catolicanet.net\/wp-cnet\/wp-json\/wp\/v2\/posts"}],"about":[{"href":"https:\/\/catolicanet.net\/wp-cnet\/wp-json\/wp\/v2\/types\/post"}],"author":[{"embeddable":true,"href":"https:\/\/catolicanet.net\/wp-cnet\/wp-json\/wp\/v2\/users\/1"}],"replies":[{"embeddable":true,"href":"https:\/\/catolicanet.net\/wp-cnet\/wp-json\/wp\/v2\/comments?post=39672"}],"version-history":[{"count":1,"href":"https:\/\/catolicanet.net\/wp-cnet\/wp-json\/wp\/v2\/posts\/39672\/revisions"}],"predecessor-version":[{"id":39674,"href":"https:\/\/catolicanet.net\/wp-cnet\/wp-json\/wp\/v2\/posts\/39672\/revisions\/39674"}],"wp:featuredmedia":[{"embeddable":true,"href":"https:\/\/catolicanet.net\/wp-cnet\/wp-json\/wp\/v2\/media\/39673"}],"wp:attachment":[{"href":"https:\/\/catolicanet.net\/wp-cnet\/wp-json\/wp\/v2\/media?parent=39672"}],"wp:term":[{"taxonomy":"category","embeddable":true,"href":"https:\/\/catolicanet.net\/wp-cnet\/wp-json\/wp\/v2\/categories?post=39672"},{"taxonomy":"post_tag","embeddable":true,"href":"https:\/\/catolicanet.net\/wp-cnet\/wp-json\/wp\/v2\/tags?post=39672"}],"curies":[{"name":"wp","href":"https:\/\/api.w.org\/{rel}","templated":true}]}}