{"id":3967,"date":"2014-01-16T12:30:13","date_gmt":"2014-01-16T14:30:13","guid":{"rendered":"http:\/\/catolicanet.net\/wp-cnet\/os-pais-ja-nao-sao-mais-necessarios\/"},"modified":"2017-03-24T17:05:39","modified_gmt":"2017-03-24T20:05:39","slug":"os-pais-ja-nao-sao-mais-necessarios","status":"publish","type":"post","link":"https:\/\/catolicanet.net\/wp-cnet\/os-pais-ja-nao-sao-mais-necessarios\/","title":{"rendered":"Os pais j\u00e1 n\u00e3o s\u00e3o mais necess\u00e1rios?"},"content":{"rendered":"<p style=\"text-align: justify;\"><img decoding=\"async\" src=\"http:\/\/www.catolicanet.com.br\/images\/stories\/paisefilha.jpg\" border=\"0\" align=\"left\" \/><strong>Valores paternos como a firmeza e a autoridade entram em conflito com a ideologia de g\u00eanero<\/strong><\/p>\n<p>A sociedade j\u00e1 n\u00e3o valoriza mais a fun\u00e7\u00e3o do pai. A figura paterna j\u00e1 n\u00e3o \u00e9 levada em considera\u00e7\u00e3o, sua autoridade foi ridicularizada. As mulheres prescindem dos homens de forma manifesta, e isso leva os filhos a perderem o respeito pelos seus pais, explica Maria Calvo, autora do livro \u201cPais destronados: a import\u00e2ncia da paternidade\u201d, lan\u00e7ado recentemente pela Editora Torom\u00edtico.<\/p>\n<p>Para a autora, existe atualmente a ideia de que, na educa\u00e7\u00e3o dos filhos, o pai \u00e9 um estorvo. \u00c9 por isso que ela defende a figura paterna como parte essencial da educa\u00e7\u00e3o das crian\u00e7as.<\/p>\n<p>Maria Calvo dedica seu livro \u00e0 ideia de que o empenho de determinados setores em conseguir a emancipa\u00e7\u00e3o da mulher provocou um efeito prejudicial com rela\u00e7\u00e3o \u00e0 figura do pai. Ela mostra que os progenitores homens sofrem um \u201cinevit\u00e1vel desterro\u201d, j\u00e1 que os valores que eles defendem, como a firmeza, a compet\u00eancia e a autoridade, v\u00e3o contra os paradigmas da ideologia de g\u00eanero.<\/p>\n<p>Hoje, existe a ideia, amplamente estendida, de que o pai \u00e9 dispens\u00e1vel na educa\u00e7\u00e3o dos filhos, de que pode chegar a ser um estorvo, afirma Maria Calvo, que defende o c\u00f3digo masculino como um elemento crucial para o crescimento das crian\u00e7as \u2013 apesar de o sistema educativo atual exaltar exclusivamente a sensibilidade t\u00edpica do c\u00f3digo materno.<\/p>\n<p>\u201cOs pais desconfiam do seu instinto masculino e renunciam ao exerc\u00edcio efetivo da paternidade\u201d, explica a autora, afirmando que isso pode levar \u00e0 falta de respeito pelos pais e o distanciamento da fun\u00e7\u00e3o paterna no futuro.<\/p>\n<p>Maria Calvo recorda que h\u00e1 toda uma gera\u00e7\u00e3o de pais que n\u00e3o sabem muito bem como desenvolver-se em um mundo que \u201cos obriga a esconder sua masculinidade e n\u00e3o lhes permite desfrutar da paternidade em plenitude\u201d.<\/p>\n<p>Em seu livro, s\u00e3o explicadas as fun\u00e7\u00f5es essenciais que um pai pode exercer e que evitam sua \u201cabdica\u00e7\u00e3o paterna\u201d. Entre elas, \u201ca de libertar os filhos da possess\u00e3o obsessiva da m\u00e3e, capaz de devorar seus filhos por amor, um fato que pode lev\u00e1-los a crescer sem identidade pr\u00f3pria\u201d.<\/p>\n<p>Outras fun\u00e7\u00f5es s\u00e3o: formar no autocontrole e na empatia; ensinar os filhos a enfrentar a realidade, afastando-os do protecionismo da m\u00e3e; e ser intermedi\u00e1rio entre o lar e o mundo, agindo como propulsor da emancipa\u00e7\u00e3o dos filhos.<\/p>\n<p style=\"text-align: justify;\">\u00a0<\/p>\n<p style=\"text-align: justify;\"><strong>Local: S\u00e3o Paulo (SP)<br \/>Fonte: ALETEIA<\/strong><\/p>\n","protected":false},"excerpt":{"rendered":"<p>Valores paternos como a firmeza e a autoridade entram em conflito com a ideologia de g\u00eanero A sociedade j\u00e1 n\u00e3o valoriza mais a fun\u00e7\u00e3o do pai. A figura paterna j\u00e1 n\u00e3o \u00e9 levada em considera\u00e7\u00e3o, sua autoridade foi ridicularizada. As mulheres prescindem dos homens de forma manifesta, e isso leva os filhos a perderem o [&hellip;]<\/p>\n","protected":false},"author":1,"featured_media":3966,"comment_status":"closed","ping_status":"closed","sticky":false,"template":"","format":"standard","meta":{"footnotes":""},"categories":[4],"tags":[],"class_list":["post-3967","post","type-post","status-publish","format-standard","has-post-thumbnail","hentry","category-cotidiano"],"_links":{"self":[{"href":"https:\/\/catolicanet.net\/wp-cnet\/wp-json\/wp\/v2\/posts\/3967","targetHints":{"allow":["GET"]}}],"collection":[{"href":"https:\/\/catolicanet.net\/wp-cnet\/wp-json\/wp\/v2\/posts"}],"about":[{"href":"https:\/\/catolicanet.net\/wp-cnet\/wp-json\/wp\/v2\/types\/post"}],"author":[{"embeddable":true,"href":"https:\/\/catolicanet.net\/wp-cnet\/wp-json\/wp\/v2\/users\/1"}],"replies":[{"embeddable":true,"href":"https:\/\/catolicanet.net\/wp-cnet\/wp-json\/wp\/v2\/comments?post=3967"}],"version-history":[{"count":1,"href":"https:\/\/catolicanet.net\/wp-cnet\/wp-json\/wp\/v2\/posts\/3967\/revisions"}],"predecessor-version":[{"id":8170,"href":"https:\/\/catolicanet.net\/wp-cnet\/wp-json\/wp\/v2\/posts\/3967\/revisions\/8170"}],"wp:featuredmedia":[{"embeddable":true,"href":"https:\/\/catolicanet.net\/wp-cnet\/wp-json\/wp\/v2\/media\/3966"}],"wp:attachment":[{"href":"https:\/\/catolicanet.net\/wp-cnet\/wp-json\/wp\/v2\/media?parent=3967"}],"wp:term":[{"taxonomy":"category","embeddable":true,"href":"https:\/\/catolicanet.net\/wp-cnet\/wp-json\/wp\/v2\/categories?post=3967"},{"taxonomy":"post_tag","embeddable":true,"href":"https:\/\/catolicanet.net\/wp-cnet\/wp-json\/wp\/v2\/tags?post=3967"}],"curies":[{"name":"wp","href":"https:\/\/api.w.org\/{rel}","templated":true}]}}