{"id":39666,"date":"2018-04-05T14:11:15","date_gmt":"2018-04-05T17:11:15","guid":{"rendered":"http:\/\/catolicanet.net\/wp-cnet\/?p=39666"},"modified":"2018-04-05T14:11:15","modified_gmt":"2018-04-05T17:11:15","slug":"sinodo-para-a-pan-amazonia-e-prova-do-carinho-do-papa-pela-regiao","status":"publish","type":"post","link":"https:\/\/catolicanet.net\/wp-cnet\/sinodo-para-a-pan-amazonia-e-prova-do-carinho-do-papa-pela-regiao\/","title":{"rendered":"S\u00ednodo para a Pan-amaz\u00f4nia \u00e9 prova do carinho do Papa pela regi\u00e3o"},"content":{"rendered":"<div class=\"article__subTitle\">Segundo o Padre Adelson Ara\u00fajo dos Santos SJ, &#8220;\u00e9 admir\u00e1vel que o Papa Francisco, que n\u00e3o \u00e9 nativo na regi\u00e3o, tenha tanta sensibilidade, carinho e preocupa\u00e7\u00e3o com a Amaz\u00f4nia&#8221;.<\/div>\n<div class=\"title__separator\"><\/div>\n<div class=\"article__text\">\n<p><b>Cristiane Murray &#8211; Cidade do Vaticano<\/b><\/p>\n<p>A sensibilidade, o carinho e a preocupa\u00e7\u00e3o que o <b>Papa Francisco<\/b> tem demonstrado com a Amaz\u00f4nia s\u00e3o admir\u00e1veis num homem que n\u00e3o \u00e9 daquela regi\u00e3o e a convoca\u00e7\u00e3o do S\u00ednodo Pan-amaz\u00f4nico \u00e9 uma prova concreta disso.<\/p>\n<p>Com a opini\u00e3o formada, o manauense <b>Padre Adelson Ara\u00fajo dos Santos SJ,<\/b> que coordenou a atua\u00e7\u00e3o da Companhia de Jesus no Norte do Brasil e a quem o Papa revelou \u2018ter a Amaz\u00f4nia no cora\u00e7\u00e3o\u2019, aposta em duas linhas paralelas e complementares:<\/p>\n<div>\n<div class=\"article__embed article__embed--border embed_style\">\n<blockquote><p>\u201c A presen\u00e7a da Igreja refor\u00e7ada com um rosto amaz\u00f4nico e a preserva\u00e7\u00e3o da rica biodiversidade e dos povos origin\u00e1rios, numa conviv\u00eancia harmoniosa com a Cria\u00e7\u00e3o e o progresso \u201d<\/p><\/blockquote>\n<\/div>\n<\/div>\n<div>\n<div class=\"article__embed article__embed--unwrap article__embed--dark\">\n<div class=\"article__innerTitle\">Baixe e compartilhe<\/div>\n<!--[if lt IE 9]><script>document.createElement('audio');<\/script><![endif]-->\n<audio class=\"wp-audio-shortcode\" id=\"audio-39666-1\" preload=\"none\" style=\"width: 100%;\" controls=\"controls\"><source type=\"audio\/mpeg\" src=\"https:\/\/media.vaticannews.va\/media\/audio\/s1\/2018\/4\/5\/11\/134367879_F134367879.mp3?_=1\" \/><a href=\"https:\/\/media.vaticannews.va\/media\/audio\/s1\/2018\/4\/5\/11\/134367879_F134367879.mp3\">https:\/\/media.vaticannews.va\/media\/audio\/s1\/2018\/4\/5\/11\/134367879_F134367879.mp3<\/a><\/audio>\n<\/div>\n<div>Fonte: R\u00e1dio Vaticano<\/div>\n<\/div>\n<\/div>\n","protected":false},"excerpt":{"rendered":"<p>Segundo o Padre Adelson Ara\u00fajo dos Santos SJ, &#8220;\u00e9 admir\u00e1vel que o Papa Francisco, que n\u00e3o \u00e9 nativo na regi\u00e3o, tenha tanta sensibilidade, carinho e preocupa\u00e7\u00e3o com a Amaz\u00f4nia&#8221;. Cristiane Murray &#8211; Cidade do Vaticano A sensibilidade, o carinho e a preocupa\u00e7\u00e3o que o Papa Francisco tem demonstrado com a Amaz\u00f4nia s\u00e3o admir\u00e1veis num homem [&hellip;]<\/p>\n","protected":false},"author":1,"featured_media":39667,"comment_status":"open","ping_status":"closed","sticky":false,"template":"","format":"standard","meta":{"footnotes":""},"categories":[3],"tags":[],"class_list":["post-39666","post","type-post","status-publish","format-standard","has-post-thumbnail","hentry","category-vaticano"],"_links":{"self":[{"href":"https:\/\/catolicanet.net\/wp-cnet\/wp-json\/wp\/v2\/posts\/39666","targetHints":{"allow":["GET"]}}],"collection":[{"href":"https:\/\/catolicanet.net\/wp-cnet\/wp-json\/wp\/v2\/posts"}],"about":[{"href":"https:\/\/catolicanet.net\/wp-cnet\/wp-json\/wp\/v2\/types\/post"}],"author":[{"embeddable":true,"href":"https:\/\/catolicanet.net\/wp-cnet\/wp-json\/wp\/v2\/users\/1"}],"replies":[{"embeddable":true,"href":"https:\/\/catolicanet.net\/wp-cnet\/wp-json\/wp\/v2\/comments?post=39666"}],"version-history":[{"count":1,"href":"https:\/\/catolicanet.net\/wp-cnet\/wp-json\/wp\/v2\/posts\/39666\/revisions"}],"predecessor-version":[{"id":39668,"href":"https:\/\/catolicanet.net\/wp-cnet\/wp-json\/wp\/v2\/posts\/39666\/revisions\/39668"}],"wp:featuredmedia":[{"embeddable":true,"href":"https:\/\/catolicanet.net\/wp-cnet\/wp-json\/wp\/v2\/media\/39667"}],"wp:attachment":[{"href":"https:\/\/catolicanet.net\/wp-cnet\/wp-json\/wp\/v2\/media?parent=39666"}],"wp:term":[{"taxonomy":"category","embeddable":true,"href":"https:\/\/catolicanet.net\/wp-cnet\/wp-json\/wp\/v2\/categories?post=39666"},{"taxonomy":"post_tag","embeddable":true,"href":"https:\/\/catolicanet.net\/wp-cnet\/wp-json\/wp\/v2\/tags?post=39666"}],"curies":[{"name":"wp","href":"https:\/\/api.w.org\/{rel}","templated":true}]}}