{"id":39663,"date":"2018-04-05T13:34:23","date_gmt":"2018-04-05T16:34:23","guid":{"rendered":"http:\/\/catolicanet.net\/wp-cnet\/?p=39663"},"modified":"2018-04-05T13:34:23","modified_gmt":"2018-04-05T16:34:23","slug":"o-papa-e-a-santidade-uma-chamada-para-todos-e-nao-para-os-super-herois","status":"publish","type":"post","link":"https:\/\/catolicanet.net\/wp-cnet\/o-papa-e-a-santidade-uma-chamada-para-todos-e-nao-para-os-super-herois\/","title":{"rendered":"O Papa e a santidade, uma chamada para todos e n\u00e3o para os \u201csuper-her\u00f3is\u201d"},"content":{"rendered":"<div class=\"article__subTitle\">Com o an\u00fancio da publica\u00e7\u00e3o da Exorta\u00e7\u00e3o do Papa \u201cGaudete et Exsultate\u201d sobre o chamado \u00e0 santidade no mundo de hoje, Vatican News prop\u00f5e alguns pronunciamentos significativos do Ponti\u00edfice sobre a santidade.<\/div>\n<div class=\"title__separator\"><\/div>\n<div class=\"article__text\">\n<p><b>Alessandro Gisotti \u2013 Cidade do Vaticano<\/b><\/p>\n<p>A Igreja precisa de Santos, n\u00e3o de super-her\u00f3is. Papa Francisco, desde a sua elei\u00e7\u00e3o \u00e0 C\u00e1tedra de Pedro deu grande import\u00e2ncia \u00e0 santidade na Igreja e, em v\u00e1rias ocasi\u00f5es falou sobre o que distingue o ser Santo, assim como indicou o que n\u00e3o \u00e9 ser Santo. Em 2 de outubro de 2013, em uma das audi\u00eancias gerais do seu primeiro ano de Pontificado, evidenciou que a Igreja \u201coferece a todos a possibilidade de percorrer o caminho da santidade, que \u00e9 o caminho do crist\u00e3o\u201d, para o encontro com Jesus. A Igreja, observa, \u201cn\u00e3o rejeita os pecadores\u201d, acolhe-os e convida-os para que se deixem \u201ccontagiar pela santidade de Deus\u201d. No final da catequese, o Papa citou o escritor franc\u00eas L\u00e9on Bloy que nos \u00faltimos momentos da sua vida, dizia: \u201cs\u00f3 existe uma tristeza na vida, a de n\u00e3o ser santo\u201d.<\/p>\n<h2>Os Santos n\u00e3o s\u00e3o super-her\u00f3is, mas amigos de Deus<\/h2>\n<p>Em 1\u00ba de novembro de 2013, na primeira Festa de Todos os Santos como Papa, Francisco sublinha que os Santos s\u00e3o \u201cos amigos de Deus\u201d, porque nas suas vidas, \u201cviveram em comunh\u00e3o profunda com Deus\u201d. Portanto o Santo Padre tra\u00e7a um perfil dos Santos, explicando logo que \u201cn\u00e3o s\u00e3o super-her\u00f3is, nem nasceram perfeitos\u201d. Os Santos, continua o Papa, \u201cs\u00e3o como n\u00f3s, como cada um de n\u00f3s\u201d, \u201cviveram uma vida normal\u201d, mas \u201cconheceram o amor de Deus\u201d e o \u201cseguiram com todo o cora\u00e7\u00e3o, sem condi\u00e7\u00f5es e hipocrisias\u201d. Portanto como se reconhece esta santidade? \u201cOs Santos \u2013 responde o Papa \u2013 s\u00e3o homens e mulheres que t\u00eam a alegria no cora\u00e7\u00e3o e a transmitem aos outros\u201d. A alegria, \u00e9 o que distingue os Santos, ao contr\u00e1rio dos crist\u00e3os com \u201ccara de funeral\u201d que, como repete muitas vezes, s\u00e3o caracter\u00edsticas dos que n\u00e3o vivem bem a sua f\u00e9.<\/p>\n<h2>Todos os crist\u00e3os s\u00e3o chamados \u00e0 santidade, sem excluir ningu\u00e9m<\/h2>\n<p>Outra caracter\u00edstica dos Santos \u00e9 a humildade. Na homilia matutina na Casa Santa Marta, em 9 de maio de 2014, Francisco recorda S\u00e3o Jo\u00e3o Paulo II. E observa que \u201co grande atleta de Deus\u201d acabou aniquilado pela doen\u00e7a, humilhado como Jesus\u201d. O testemunho de Karol Wojtyla, mostra que a regra da santidade \u201c\u00e9 diminuir a fim de que o Senhor cres\u00e7a\u201d e por isso \u00e9 preciso \u201ca nossa humilha\u00e7\u00e3o\u201d. Portanto, bem longe da imagem de pessoas com \u201csuperpoderes\u201d. \u201cA diferen\u00e7a entre os her\u00f3is e os Santos \u2013 explica ainda na homilia \u2013 \u00e9 o testemunho, a imita\u00e7\u00e3o de Jesus Cristo: percorrer o caminho de Jesus\u201d. Para o Pont\u00edfice h\u00e1 tamb\u00e9m outro tema muito importante: \u201ca voca\u00e7\u00e3o universal \u00e0 santidade\u201d sobre o qual falou na audi\u00eancia geral de 19 de novembro de 2014. \u201cTodos os crist\u00e3os, enquanto batizados \u2013 sublinha \u2013 t\u00eam igual dignidade diante do Senhor e s\u00e3o irmanados pela mesma voca\u00e7\u00e3o que \u00e9 a santidade\u201d. \u201cA santidade \u00e9 um dom &#8211; continua o Papa \u2013 oferecido a todos, sem excluir ningu\u00e9m, por isso constitui o cunho distintivo de cada crist\u00e3o\u201d. E acrescenta \u201cpara ser Santo, n\u00e3o \u00e9 preciso ser bispo, sacerdote ou religioso\u201d, \u201cn\u00e3o, todos somos chamados a ser Santos\u201d.<\/p>\n<h2>Os Santos tamb\u00e9m t\u00eam seus pecados, mas sabem arrepender-se e pedir perd\u00e3o<\/h2>\n<p>Papa Francisco alerta \u00e0 ideia dos Santos com \u201ccara de santinho\u201d. \u00c9 algo muito mais profundo e alimentado por gestos, \u201cmuitos pequenos passos\u201d, que cada um pode cumprir no lugar onde vive e trabalha. \u201cCada condi\u00e7\u00e3o de vida \u2013 s\u00e3o suas palavras \u2013 leva \u00e0 santidade, sempre!\u201d. Um ano depois, em 1\u00ba de novembro de 2015, na Missa celebrada no Cemit\u00e9rio de Verano, fala sobre \u201co caminho para chegar \u00e0 verdadeira felicidade\u201d, a santidade. E observa que os santos s\u00e3o mansos e pacientes. Um caminho, o da mansid\u00e3o e paci\u00eancia, que foi percorrido por Jesus. Em 2016 volta a falar sobre o tema nas missas na Casa Santa Marta. Em 19 de janeiro, falando na homilia sobre Davi, observa que tamb\u00e9m na vida dos santos h\u00e1 tenta\u00e7\u00f5es e pecados. A vida do rei de Israel \u00e9 eloquente sobre isso: Santo e pecador. Tinha os seus pecados, \u201cfoi at\u00e9 um assassino\u201d, mas no fim os reconhece e pede perd\u00e3o. O Papa conclui, uma hist\u00f3ria que faz pensar que \u201cn\u00e3o existe algum santo sem passado, mas nem pecador sem futuro\u201d. Enquanto que na missa de 24 de maio, adverte que \u201ca santidade n\u00e3o se pode comprar e nem vender\u201d. \u00c9 um dom a ser acolhido. Um dom e um caminho. \u201cA santidade \u2013 sublinha Francisco \u2013 \u00e9 um caminho na presen\u00e7a de Deus\u201d e \u201cn\u00e3o pode ser feita por algu\u00e9m em meu nome\u201d. \u201cUm caminho \u2013 diz ainda \u2013 a percorrer com coragem, esperan\u00e7a e com a disponibilidade de receber esta gra\u00e7a\u201d.<\/p>\n<h2>N\u00e3o tenham o medo de ser Santos, evidencia tamb\u00e9m no Twitter<\/h2>\n<p>Os Santos s\u00e3o tamb\u00e9m \u201ctestemunhas e companheiros de esperan\u00e7a\u201d. S\u00e3o palavras do Papa na audi\u00eancia geral de 21 de junho de 2017. Na ocasi\u00e3o, explicou que para ser santos \u201cn\u00e3o precisa rezar o dia todo\u201d. A santidade est\u00e1 tamb\u00e9m \u201cna doen\u00e7a e no sofrimento\u201d, no trabalho e na \u201cprote\u00e7\u00e3o dos filhos\u201d. \u201cQue o Senhor nos d\u00ea a esperan\u00e7a de ser Santos \u2013 foi a sua invoca\u00e7\u00e3o \u2013 e n\u00e3o pensemos que \u00e9 algo dif\u00edcil, \u00e9 mais f\u00e1cil sermos delinquentes do que Santos! N\u00e3o. Podemos ser Santos porque o Senhor nos ajuda\u201d. O Papa fala de santidade tamb\u00e9m pelas redes sociais. No Twitter de 1\u00ba de novembro do ano passado evidencia que \u201co mundo precisa de santos e todos n\u00f3s, sem exce\u00e7\u00e3o, somos chamados \u00e0 santidade\u201d. E n\u00e3o devemos \u201cter medo\u201d de caminhar no caminho da santidade , que \u00e9 dos humildes e n\u00e3o dos arrogantes.<\/p>\n<h2>O Motu proprio sobre a oferta da vida, caminho de santidade<\/h2>\n<p>Uma chamada e uma exorta\u00e7\u00e3o que ressoa tamb\u00e9m nas 15 cerim\u00f4nias de canoniza\u00e7\u00f5es celebradas por Francisco, a partir de Madre Teresa, Jo\u00e3o XXIII e Jo\u00e3o Paulo II. Tamb\u00e9m na beatifica\u00e7\u00e3o de Paulo VI, quando Francisco chama a aten\u00e7\u00e3o principalmente para a sua humildade, virtude pr\u00f3pria das testemunhas e n\u00e3o dos \u201csuper-homens\u201d. De modo significativo Francisco abre o caminho da beatifica\u00e7\u00e3o, tamb\u00e9m aos que, levados pela caridade, ofereceram a pr\u00f3pria vida pelo pr\u00f3ximo. \u00c9 a tem\u00e1tica do Motu proprio intitulado Maiorem hac dilectionem, publicado em julho de 2017 que inicia com as palavras de Jesus tiradas do Evangelho de Jo\u00e3o: \u201cNingu\u00e9m tem maior amor do que aquele que d\u00e1 a sua vida pelos seus amigos\u201d. Eis a vis\u00e3o de Francisco sobre a Santidade: ser amigos de Deus e do pr\u00f3ximo at\u00e9 a dom da vida.<\/p>\n<\/div>\n<p>Fonte: R\u00e1dio Vaticano<\/p>\n","protected":false},"excerpt":{"rendered":"<p>Com o an\u00fancio da publica\u00e7\u00e3o da Exorta\u00e7\u00e3o do Papa \u201cGaudete et Exsultate\u201d sobre o chamado \u00e0 santidade no mundo de hoje, Vatican News prop\u00f5e alguns pronunciamentos significativos do Ponti\u00edfice sobre a santidade. Alessandro Gisotti \u2013 Cidade do Vaticano A Igreja precisa de Santos, n\u00e3o de super-her\u00f3is. Papa Francisco, desde a sua elei\u00e7\u00e3o \u00e0 C\u00e1tedra de [&hellip;]<\/p>\n","protected":false},"author":1,"featured_media":39664,"comment_status":"open","ping_status":"closed","sticky":false,"template":"","format":"standard","meta":{"footnotes":""},"categories":[13],"tags":[],"class_list":["post-39663","post","type-post","status-publish","format-standard","has-post-thumbnail","hentry","category-featured"],"_links":{"self":[{"href":"https:\/\/catolicanet.net\/wp-cnet\/wp-json\/wp\/v2\/posts\/39663","targetHints":{"allow":["GET"]}}],"collection":[{"href":"https:\/\/catolicanet.net\/wp-cnet\/wp-json\/wp\/v2\/posts"}],"about":[{"href":"https:\/\/catolicanet.net\/wp-cnet\/wp-json\/wp\/v2\/types\/post"}],"author":[{"embeddable":true,"href":"https:\/\/catolicanet.net\/wp-cnet\/wp-json\/wp\/v2\/users\/1"}],"replies":[{"embeddable":true,"href":"https:\/\/catolicanet.net\/wp-cnet\/wp-json\/wp\/v2\/comments?post=39663"}],"version-history":[{"count":1,"href":"https:\/\/catolicanet.net\/wp-cnet\/wp-json\/wp\/v2\/posts\/39663\/revisions"}],"predecessor-version":[{"id":39665,"href":"https:\/\/catolicanet.net\/wp-cnet\/wp-json\/wp\/v2\/posts\/39663\/revisions\/39665"}],"wp:featuredmedia":[{"embeddable":true,"href":"https:\/\/catolicanet.net\/wp-cnet\/wp-json\/wp\/v2\/media\/39664"}],"wp:attachment":[{"href":"https:\/\/catolicanet.net\/wp-cnet\/wp-json\/wp\/v2\/media?parent=39663"}],"wp:term":[{"taxonomy":"category","embeddable":true,"href":"https:\/\/catolicanet.net\/wp-cnet\/wp-json\/wp\/v2\/categories?post=39663"},{"taxonomy":"post_tag","embeddable":true,"href":"https:\/\/catolicanet.net\/wp-cnet\/wp-json\/wp\/v2\/tags?post=39663"}],"curies":[{"name":"wp","href":"https:\/\/api.w.org\/{rel}","templated":true}]}}