{"id":39660,"date":"2018-04-05T13:28:03","date_gmt":"2018-04-05T16:28:03","guid":{"rendered":"http:\/\/catolicanet.net\/wp-cnet\/?p=39660"},"modified":"2018-04-05T13:28:03","modified_gmt":"2018-04-05T16:28:03","slug":"pe-zezinho-nossa-igreja-nao-precisa-da-deturpacao-nem-da-avacalhacao","status":"publish","type":"post","link":"https:\/\/catolicanet.net\/wp-cnet\/pe-zezinho-nossa-igreja-nao-precisa-da-deturpacao-nem-da-avacalhacao\/","title":{"rendered":"Pe. Zezinho: \u201cNossa Igreja n\u00e3o precisa da deturpa\u00e7\u00e3o nem da avacalha\u00e7\u00e3o\u201d"},"content":{"rendered":"<div data-io-article-url=\"https:\/\/pt.aleteia.org\/2018\/04\/05\/pe-zezinho-nossa-igreja-nao-precisa-da-deturpacao-nem-da-avacalhacao\/\">\n<h2 class=\"subtitle\">Um dos sacerdotes mais queridos e populares do Brasil se manifesta sobre as &#8220;criatividades lit\u00fargicas&#8221; que t\u00eam gerado pol\u00eamica entre os fi\u00e9is<\/h2>\n<p>A prop\u00f3sito de a\u00e7\u00f5es que fogem aos ritos aprovados pela Igreja em celebra\u00e7\u00f5es lit\u00fargicas, reproduzimos o seguinte coment\u00e1rio <a href=\"https:\/\/www.facebook.com\/padrezezinhoscj\/photos\/pcb.960758944073191\/960758874073198\" target=\"_blank\" rel=\"noopener\">publicado pelo Pe. Zezinho em sua p\u00e1gina no Facebook<\/a>.<\/p>\n<p>O Pe. Zezinho \u00e9 considerado um dos sacerdotes cat\u00f3licos mais estimados do Brasil. Sua manifesta\u00e7\u00e3o foi postada neste Domingo de P\u00e1scoa, em meio a uma s\u00e9rie de rea\u00e7\u00f5es cr\u00edticas de cat\u00f3licos de todo o mundo ao uso de um drone para carregar o Sant\u00edssimo Sacramento em uma par\u00f3quia de Sorocaba, no interior do Estado de S\u00e3o Paulo.<\/p>\n<p>Eis o que declarou o Pe. Zezinho:<\/p>\n<blockquote><p>DEVOLVAM-NOS O ROSTO DA LITURGIA QUE ALGUNS PADRES SEQUESTRARAM E PICHARAM EM NOME DE INOVA\u00c7\u00c3O.<\/p>\n<p>Nossa Igreja precisa da TRADI\u00c7\u00c3O, da RENOVA\u00c7\u00c3O e at\u00e9 da INOVA\u00c7\u00c3O. Mas certamente n\u00e3o precisa da deturpa\u00e7\u00e3o nem da avacalha\u00e7\u00e3o.<\/p>\n<p>Com drones levando o SANT\u00cdSSIMO, com padres vestidos de t\u00fanicas de Arco-Iris, deslocando de patins pela nave, dan\u00e7ando reggae no corredor, usando chap\u00e9u durante a prega\u00e7\u00e3o, com dez tur\u00edbulos entrando no ofert\u00f3rio, com padres borrifando os fi\u00e9is com um chafariz de jardim, com padres celebrando descal\u00e7os, com padres entrando com camisa do Corinthians ou do Gr\u00eamio e pondo a t\u00fanica sobre ela\u2026<\/p>\n<p>Se a moda pega, teremos celebrantes entrando montados numa vaca, e o c\u00e3o da par\u00f3quia levando no cesto a chave do sacr\u00e1rio\u2026<\/p>\n<p>MANTER A TRADI\u00c7\u00c3O \u00c9 BOM<br \/>\nRENOVAR A CEREBRA\u00c7\u00c3O \u00c9 BOM<br \/>\nINOVAR COM PERMISS\u00c3O DO BISPO TAMB\u00c9M \u00c9 BOM.<\/p>\n<p>MAS INVENTAR NOVIDADES SENSACIONAIS PARECE E \u00c9 FALTA DE BOA PREGA\u00c7\u00c3O.<\/p>\n<p>Padre estudioso que prepara bem o serm\u00e3o n\u00e3o precisa de truques para segurar o povo na par\u00f3quia!\u2026<\/p>\n<p>A Igreja j\u00e1 tem suficiente criatividade na sua liturgia de sempre.<\/p><\/blockquote>\n<\/div>\n<div class=\"row\">\n<div class=\"col-xs-12 text-center pagination-cont-article\">\u00a0Fonte: Aleteia<\/div>\n<\/div>\n","protected":false},"excerpt":{"rendered":"<p>Um dos sacerdotes mais queridos e populares do Brasil se manifesta sobre as &#8220;criatividades lit\u00fargicas&#8221; que t\u00eam gerado pol\u00eamica entre os fi\u00e9is A prop\u00f3sito de a\u00e7\u00f5es que fogem aos ritos aprovados pela Igreja em celebra\u00e7\u00f5es lit\u00fargicas, reproduzimos o seguinte coment\u00e1rio publicado pelo Pe. Zezinho em sua p\u00e1gina no Facebook. O Pe. Zezinho \u00e9 considerado um [&hellip;]<\/p>\n","protected":false},"author":1,"featured_media":39661,"comment_status":"open","ping_status":"closed","sticky":false,"template":"","format":"standard","meta":{"footnotes":""},"categories":[13],"tags":[],"class_list":["post-39660","post","type-post","status-publish","format-standard","has-post-thumbnail","hentry","category-featured"],"_links":{"self":[{"href":"https:\/\/catolicanet.net\/wp-cnet\/wp-json\/wp\/v2\/posts\/39660","targetHints":{"allow":["GET"]}}],"collection":[{"href":"https:\/\/catolicanet.net\/wp-cnet\/wp-json\/wp\/v2\/posts"}],"about":[{"href":"https:\/\/catolicanet.net\/wp-cnet\/wp-json\/wp\/v2\/types\/post"}],"author":[{"embeddable":true,"href":"https:\/\/catolicanet.net\/wp-cnet\/wp-json\/wp\/v2\/users\/1"}],"replies":[{"embeddable":true,"href":"https:\/\/catolicanet.net\/wp-cnet\/wp-json\/wp\/v2\/comments?post=39660"}],"version-history":[{"count":1,"href":"https:\/\/catolicanet.net\/wp-cnet\/wp-json\/wp\/v2\/posts\/39660\/revisions"}],"predecessor-version":[{"id":39662,"href":"https:\/\/catolicanet.net\/wp-cnet\/wp-json\/wp\/v2\/posts\/39660\/revisions\/39662"}],"wp:featuredmedia":[{"embeddable":true,"href":"https:\/\/catolicanet.net\/wp-cnet\/wp-json\/wp\/v2\/media\/39661"}],"wp:attachment":[{"href":"https:\/\/catolicanet.net\/wp-cnet\/wp-json\/wp\/v2\/media?parent=39660"}],"wp:term":[{"taxonomy":"category","embeddable":true,"href":"https:\/\/catolicanet.net\/wp-cnet\/wp-json\/wp\/v2\/categories?post=39660"},{"taxonomy":"post_tag","embeddable":true,"href":"https:\/\/catolicanet.net\/wp-cnet\/wp-json\/wp\/v2\/tags?post=39660"}],"curies":[{"name":"wp","href":"https:\/\/api.w.org\/{rel}","templated":true}]}}