{"id":39654,"date":"2018-04-05T11:40:27","date_gmt":"2018-04-05T14:40:27","guid":{"rendered":"http:\/\/catolicanet.net\/wp-cnet\/?p=39654"},"modified":"2018-04-05T11:40:27","modified_gmt":"2018-04-05T14:40:27","slug":"papa-escutar-a-dor-dos-pais-do-pequeno-alfie","status":"publish","type":"post","link":"https:\/\/catolicanet.net\/wp-cnet\/papa-escutar-a-dor-dos-pais-do-pequeno-alfie\/","title":{"rendered":"Papa: &#8220;Escutar a dor dos pais do pequeno Alfie&#8221;"},"content":{"rendered":"<div class=\"article__subTitle\">Alfie \u00e9 um menino ingl\u00eas de 22 meses que tem uma doen\u00e7a considerada incur\u00e1vel e degenerativa. Os m\u00e9dicos se dirigiram \u00e0 Corte Suprema solicitando a interrup\u00e7\u00e3o do tratamento que lhe propicia apoio vital.<\/div>\n<div class=\"title__separator\"><\/div>\n<div class=\"article__text\">\n<p><b>Cidade do Vaticano<\/b><\/p>\n<p>Quarta-feira (04\/04), o <b>Papa Francisco<\/b> escreveu na sua conta Twitter sobre o dram\u00e1tico caso de <b>Alfie<\/b>, um menino ingl\u00eas de 22 meses que est\u00e1 em coma, internado em um hospital de Liverpool, cujos m\u00e9dicos querem tir\u00e1-lo do sistema de apoio vital:<\/p>\n<div>\n<div class=\"article__embed article__embed--border embed_style\">\n<blockquote><p>\u201c \u00c9 minha sincera esperan\u00e7a que seja feito todo o poss\u00edvel para continuar acompanhando com compaix\u00e3o o pequeno Alfie Evans e que o profundo sofrimento de seus pais seja ouvido. Estou rezando por Alfie, por sua fam\u00edlia e por todos os envolvidos \u201d<\/p><\/blockquote>\n<\/div>\n<\/div>\n<h2>A semelhan\u00e7a com os casos Charlie Gard e Isaiah Haastrup<\/h2>\n<p>Este caso se assemelha ao de outras duas crian\u00e7as inglesas, <b>Charlie Gard <\/b>e <b>Isaiah Haastrup<\/b>, que cerca de um ano atr\u00e1s, respectivamente em 28 de julho de 2017 e 7 de mar\u00e7o de 2018, tiveram suas vidas interrompidas com o desligamento dos aparelhos. Alfie tem uma doen\u00e7a desconhecida que os m\u00e9dicos consideram incur\u00e1vel e degenerativa e dirigiram-se \u00e0 Corte Suprema inglesa solicitando a interrup\u00e7\u00e3o do tratamento.<\/p>\n<p>Os ju\u00edzes deram a autoriza\u00e7\u00e3o considerando a obstina\u00e7\u00e3o terap\u00eautica \u201cinclemente, injusta e inumana\u201d.\u00a0Segundo os exames, a crian\u00e7a apresenta les\u00f5es cerebrais mas responderia a alguns est\u00edmulos e possui atividade card\u00edaca est\u00e1vel.<\/p>\n<h2>Papa Francisco: acompanhar e tratar at\u00e9 o fim<\/h2>\n<p>De acordo com a imprensa brit\u00e2nica, a execu\u00e7\u00e3o da ordem judicial poder\u00e1 se verificar j\u00e1 nos pr\u00f3ximos dias. Os pais de Alfie, Thomas e Katie, n\u00e3o perdem a esperan\u00e7a e j\u00e1 encaminharam uma batalha legal que at\u00e9 agora n\u00e3o deu resultados. Por outro lado, o Tribunal Europeu de Direitos Humanos de Estrasburgo declarou o recurso dos pais inadmiss\u00edvel. Agora os pais pedem que o pequeno Alfie seja transferido para outro hospital onde a crian\u00e7a possa ser submetida a novas terapias.<\/p>\n<p>Mas, como no caso de Charlie Gard, os m\u00e9dicos negaram o pedido. O caso chamou a aten\u00e7\u00e3o de todo o mundo com dezenas de milhares de pessoas que defendem a causa fazendo ora\u00e7\u00f5es e se expressando nas redes sociais. Os pais de Alfie pediram o apoio do Papa, e ontem Francisco fez um apelo para que o grito de dor destes pais seja ouvido. Tamb\u00e9m no caso de Charlie Gard, o Papa fez um apelo aos m\u00e9dicos pedindo para \u201cacompanhar e tratar\u201d o beb\u00ea \u201cat\u00e9 o fim\u201d e sublinhando que \u201cdefender a vida humana, principalmente quando se sofre por uma doen\u00e7a, \u00e9 um compromisso do amor que Deus confia a cada homem\u201d.<\/p>\n<div>\n<div class=\"article__embed article__embed--unwrap article__embed--dark\">\n<div class=\"article__innerTitle\">Ou\u00e7a<\/div>\n<!--[if lt IE 9]><script>document.createElement('audio');<\/script><![endif]-->\n<audio class=\"wp-audio-shortcode\" id=\"audio-39654-1\" preload=\"none\" style=\"width: 100%;\" controls=\"controls\"><source type=\"audio\/mpeg\" src=\"https:\/\/media.vaticannews.va\/media\/audio\/s1\/2018\/4\/5\/12\/134367951_F134367951.mp3?_=1\" \/><a href=\"https:\/\/media.vaticannews.va\/media\/audio\/s1\/2018\/4\/5\/12\/134367951_F134367951.mp3\">https:\/\/media.vaticannews.va\/media\/audio\/s1\/2018\/4\/5\/12\/134367951_F134367951.mp3<\/a><\/audio>\n<\/div>\n<div>Fonte: R\u00e1dio Vaticano<\/div>\n<\/div>\n<\/div>\n","protected":false},"excerpt":{"rendered":"<p>Alfie \u00e9 um menino ingl\u00eas de 22 meses que tem uma doen\u00e7a considerada incur\u00e1vel e degenerativa. Os m\u00e9dicos se dirigiram \u00e0 Corte Suprema solicitando a interrup\u00e7\u00e3o do tratamento que lhe propicia apoio vital. Cidade do Vaticano Quarta-feira (04\/04), o Papa Francisco escreveu na sua conta Twitter sobre o dram\u00e1tico caso de Alfie, um menino ingl\u00eas [&hellip;]<\/p>\n","protected":false},"author":1,"featured_media":39655,"comment_status":"open","ping_status":"closed","sticky":false,"template":"","format":"standard","meta":{"footnotes":""},"categories":[3],"tags":[],"class_list":["post-39654","post","type-post","status-publish","format-standard","has-post-thumbnail","hentry","category-vaticano"],"_links":{"self":[{"href":"https:\/\/catolicanet.net\/wp-cnet\/wp-json\/wp\/v2\/posts\/39654","targetHints":{"allow":["GET"]}}],"collection":[{"href":"https:\/\/catolicanet.net\/wp-cnet\/wp-json\/wp\/v2\/posts"}],"about":[{"href":"https:\/\/catolicanet.net\/wp-cnet\/wp-json\/wp\/v2\/types\/post"}],"author":[{"embeddable":true,"href":"https:\/\/catolicanet.net\/wp-cnet\/wp-json\/wp\/v2\/users\/1"}],"replies":[{"embeddable":true,"href":"https:\/\/catolicanet.net\/wp-cnet\/wp-json\/wp\/v2\/comments?post=39654"}],"version-history":[{"count":1,"href":"https:\/\/catolicanet.net\/wp-cnet\/wp-json\/wp\/v2\/posts\/39654\/revisions"}],"predecessor-version":[{"id":39656,"href":"https:\/\/catolicanet.net\/wp-cnet\/wp-json\/wp\/v2\/posts\/39654\/revisions\/39656"}],"wp:featuredmedia":[{"embeddable":true,"href":"https:\/\/catolicanet.net\/wp-cnet\/wp-json\/wp\/v2\/media\/39655"}],"wp:attachment":[{"href":"https:\/\/catolicanet.net\/wp-cnet\/wp-json\/wp\/v2\/media?parent=39654"}],"wp:term":[{"taxonomy":"category","embeddable":true,"href":"https:\/\/catolicanet.net\/wp-cnet\/wp-json\/wp\/v2\/categories?post=39654"},{"taxonomy":"post_tag","embeddable":true,"href":"https:\/\/catolicanet.net\/wp-cnet\/wp-json\/wp\/v2\/tags?post=39654"}],"curies":[{"name":"wp","href":"https:\/\/api.w.org\/{rel}","templated":true}]}}