{"id":39650,"date":"2018-04-04T16:43:35","date_gmt":"2018-04-04T19:43:35","guid":{"rendered":"http:\/\/catolicanet.net\/wp-cnet\/?p=39650"},"modified":"2018-04-04T16:43:35","modified_gmt":"2018-04-04T19:43:35","slug":"em-crato-padres-se-reunem-para-momentos-de-partilha-e-formacao","status":"publish","type":"post","link":"https:\/\/catolicanet.net\/wp-cnet\/em-crato-padres-se-reunem-para-momentos-de-partilha-e-formacao\/","title":{"rendered":"Em Crato, padres se re\u00fanem para momentos de partilha e forma\u00e7\u00e3o"},"content":{"rendered":"<p>Reunidos em Crato, no Centro de Expans\u00e3o Dom Vicente Araujo Matos, os padres da diocese de Crato partilham dois dias de conv\u00edvio fraterno, ora\u00e7\u00e3o e forma\u00e7\u00e3o, nos dias 3 e 4 de abril, junto ao bispo dom Gilberto Pastana. Esse encontro, que acontece a cada tr\u00eas meses e segue um calend\u00e1rio planejado no in\u00edcio do ano, evidencia a unidade entre os padres, al\u00e9m de representar oportunidade, para que eles possam trocar experi\u00eancias e tra\u00e7ar possibilidades de coopera\u00e7\u00e3o nos desafios pastorais. \u201cS\u00e3o momentos de salutar conviv\u00eancia, confraterniza\u00e7\u00e3o, e, sobretudo, de crescimento da a\u00e7\u00e3o evangelizadora\u201d, explica dom Gilberto.<\/p>\n<p>Confira a <a href=\"http:\/\/www.cnbbne1.org.br\/noticias_detalhes.php?cod_noticia=18481&amp;cod_secao=2\">not\u00edcia na \u00edntegra<\/a>.<\/p>\n<p>&nbsp;<\/p>\n<p>Fonte: CNBB<\/p>\n","protected":false},"excerpt":{"rendered":"<p>Reunidos em Crato, no Centro de Expans\u00e3o Dom Vicente Araujo Matos, os padres da diocese de Crato partilham dois dias de conv\u00edvio fraterno, ora\u00e7\u00e3o e forma\u00e7\u00e3o, nos dias 3 e 4 de abril, junto ao bispo dom Gilberto Pastana. Esse encontro, que acontece a cada tr\u00eas meses e segue um calend\u00e1rio planejado no in\u00edcio do [&hellip;]<\/p>\n","protected":false},"author":1,"featured_media":39651,"comment_status":"open","ping_status":"closed","sticky":false,"template":"","format":"standard","meta":{"footnotes":""},"categories":[7],"tags":[],"class_list":["post-39650","post","type-post","status-publish","format-standard","has-post-thumbnail","hentry","category-cnbb"],"_links":{"self":[{"href":"https:\/\/catolicanet.net\/wp-cnet\/wp-json\/wp\/v2\/posts\/39650","targetHints":{"allow":["GET"]}}],"collection":[{"href":"https:\/\/catolicanet.net\/wp-cnet\/wp-json\/wp\/v2\/posts"}],"about":[{"href":"https:\/\/catolicanet.net\/wp-cnet\/wp-json\/wp\/v2\/types\/post"}],"author":[{"embeddable":true,"href":"https:\/\/catolicanet.net\/wp-cnet\/wp-json\/wp\/v2\/users\/1"}],"replies":[{"embeddable":true,"href":"https:\/\/catolicanet.net\/wp-cnet\/wp-json\/wp\/v2\/comments?post=39650"}],"version-history":[{"count":1,"href":"https:\/\/catolicanet.net\/wp-cnet\/wp-json\/wp\/v2\/posts\/39650\/revisions"}],"predecessor-version":[{"id":39652,"href":"https:\/\/catolicanet.net\/wp-cnet\/wp-json\/wp\/v2\/posts\/39650\/revisions\/39652"}],"wp:featuredmedia":[{"embeddable":true,"href":"https:\/\/catolicanet.net\/wp-cnet\/wp-json\/wp\/v2\/media\/39651"}],"wp:attachment":[{"href":"https:\/\/catolicanet.net\/wp-cnet\/wp-json\/wp\/v2\/media?parent=39650"}],"wp:term":[{"taxonomy":"category","embeddable":true,"href":"https:\/\/catolicanet.net\/wp-cnet\/wp-json\/wp\/v2\/categories?post=39650"},{"taxonomy":"post_tag","embeddable":true,"href":"https:\/\/catolicanet.net\/wp-cnet\/wp-json\/wp\/v2\/tags?post=39650"}],"curies":[{"name":"wp","href":"https:\/\/api.w.org\/{rel}","templated":true}]}}