{"id":39597,"date":"2018-04-04T09:34:26","date_gmt":"2018-04-04T12:34:26","guid":{"rendered":"http:\/\/catolicanet.net\/wp-cnet\/?p=39597"},"modified":"2018-04-04T09:34:26","modified_gmt":"2018-04-04T12:34:26","slug":"comissao-de-reforma-do-estatuto-da-cnbb-prepara-texto-a-ser-apresentado-a-56a-ag","status":"publish","type":"post","link":"https:\/\/catolicanet.net\/wp-cnet\/comissao-de-reforma-do-estatuto-da-cnbb-prepara-texto-a-ser-apresentado-a-56a-ag\/","title":{"rendered":"Comiss\u00e3o de Reforma do Estatuto da CNBB prepara texto a ser apresentado \u00e0 56\u00aa AG"},"content":{"rendered":"<p>A revis\u00e3o partiu de uma consulta pr\u00e9via aos bispos brasileiros, segundo cardeal Damasceno<b>\u00a0<\/b><\/p>\n<div id=\"attachment_167039\" class=\"wp-caption alignright\"><img loading=\"lazy\" decoding=\"async\" class=\"wp-image-167039 size-medium\" src=\"http:\/\/cnbb.org.br\/wp-content\/uploads\/sites\/32\/2018\/04\/equipe-300x200.jpg\" srcset=\"http:\/\/cnbb.org.br\/wp-content\/uploads\/sites\/32\/2018\/04\/equipe-300x200.jpg 300w, http:\/\/cnbb.org.br\/wp-content\/uploads\/sites\/32\/2018\/04\/equipe-768x512.jpg 768w, http:\/\/cnbb.org.br\/wp-content\/uploads\/sites\/32\/2018\/04\/equipe-1024x683.jpg 1024w\" alt=\"\" width=\"300\" height=\"200\" \/><\/p>\n<p class=\"wp-caption-text\">Comiss\u00e3o de revis\u00e3o do Estatuto da CNBB. Foto: Assessoria de Imprensa CNBB\/Matheus de Souza<\/p>\n<\/div>\n<p>A Comiss\u00e3o de Reforma do Estatuto da Confer\u00eancia Nacional dos Bispos do Brasil (CNBB), institu\u00edda em 2015, a pedido da pr\u00f3pria Assembleia Geral dos Bispos, reuniu-se, no dia 3 de abril, na sede da entidade com a miss\u00e3o de avan\u00e7ar na revis\u00e3o do estatuto da entidade. Antes, contudo, enviou uma carta aos bispos brasileiros pedindo sugest\u00f5es de reforma ao documento.<\/p>\n<p>O Estatuto Can\u00f4nico e Regimento da CNBB foi aprovado em 2001 e publicado como Documento n\u00ba 70, tendo j\u00e1 completado 17 anos de funcionamento. \u201cA vida \u00e9 din\u00e2mica e por isso se faz de vem em quando alguns ajustes e atualiza\u00e7\u00f5es nos estatutos da Confer\u00eancia\u201d, avaliou dom Damasceno.<\/p>\n<p>Segundo cardeal Raymundo Damasceno, arcebispo em\u00e9rito de Aparecida (SP) e que preside o trabalho de revis\u00e3o do estatuto, a Comiss\u00e3o enviou uma correspond\u00eancia aos bispos brasileiros pedindo suas contribui\u00e7\u00f5es. \u201cRecebemos sugest\u00f5es muito importantes e positivas. Fizemos uma an\u00e1lise destas e estamos aproveitando-as para atualizar o documento. Tamb\u00e9m as que, pelos anos de experi\u00eancias na CNBB e nas comiss\u00f5es, julgamos oportunas inserir\u2019, disse.<\/p>\n<p>O cardeal Damasceno informa que a Comiss\u00e3o ainda se reunir\u00e1 no dia 10 de abril, em Aparecida (SP) para os ajustes finais no texto. A vers\u00e3o final ser\u00e1 apresentada ao plen\u00e1rio da 56\u00aa Assembleia Geral, de 11 a 20 de abril. \u201cVamos apresentar o hist\u00f3rico do caminho que percorremos e um texto b\u00e1sico para estudo como ponto de partida\u201d, disse. Ap\u00f3s esse processo, o texto vai \u00e0 aprova\u00e7\u00e3o dos bispos que poder\u00e3o propor sugest\u00f5es e emendas. Aprovado pela AG, o texto segue para a Congrega\u00e7\u00e3o dos Bispos no Vaticano para aprova\u00e7\u00e3o final.<\/p>\n<p><strong>Comiss\u00e3o de Revis\u00e3o do Estatuto da CNBB:<br \/>\n<\/strong><br \/>\n<strong>Cardeal Raymundo Damasceno \u2013 presidente<br \/>\n<\/strong><br \/>\n<strong>Bispos:<br \/>\n<\/strong>Dom Genival Saraiva de Franc\u00e7a<br \/>\nDom Geral Lirio da Rocha<br \/>\nDom Jos\u00e9 Belis\u00e1rio da Silva<\/p>\n<p><strong>Assessores:<br \/>\n<\/strong>Frei Evaldo Xavier Gomes<br \/>\nMonsenhor Gerv\u00e1sio Queiroga<br \/>\nHugo Jos\u00e9 Cisneiros Sarubbi de Oliveira<\/p>\n<p>&nbsp;<\/p>\n<p>Fonte: CNBB<\/p>\n","protected":false},"excerpt":{"rendered":"<p>A revis\u00e3o partiu de uma consulta pr\u00e9via aos bispos brasileiros, segundo cardeal Damasceno\u00a0 Comiss\u00e3o de revis\u00e3o do Estatuto da CNBB. Foto: Assessoria de Imprensa CNBB\/Matheus de Souza A Comiss\u00e3o de Reforma do Estatuto da Confer\u00eancia Nacional dos Bispos do Brasil (CNBB), institu\u00edda em 2015, a pedido da pr\u00f3pria Assembleia Geral dos Bispos, reuniu-se, no dia [&hellip;]<\/p>\n","protected":false},"author":1,"featured_media":39598,"comment_status":"open","ping_status":"closed","sticky":false,"template":"","format":"standard","meta":{"footnotes":""},"categories":[7],"tags":[],"class_list":["post-39597","post","type-post","status-publish","format-standard","has-post-thumbnail","hentry","category-cnbb"],"_links":{"self":[{"href":"https:\/\/catolicanet.net\/wp-cnet\/wp-json\/wp\/v2\/posts\/39597","targetHints":{"allow":["GET"]}}],"collection":[{"href":"https:\/\/catolicanet.net\/wp-cnet\/wp-json\/wp\/v2\/posts"}],"about":[{"href":"https:\/\/catolicanet.net\/wp-cnet\/wp-json\/wp\/v2\/types\/post"}],"author":[{"embeddable":true,"href":"https:\/\/catolicanet.net\/wp-cnet\/wp-json\/wp\/v2\/users\/1"}],"replies":[{"embeddable":true,"href":"https:\/\/catolicanet.net\/wp-cnet\/wp-json\/wp\/v2\/comments?post=39597"}],"version-history":[{"count":1,"href":"https:\/\/catolicanet.net\/wp-cnet\/wp-json\/wp\/v2\/posts\/39597\/revisions"}],"predecessor-version":[{"id":39599,"href":"https:\/\/catolicanet.net\/wp-cnet\/wp-json\/wp\/v2\/posts\/39597\/revisions\/39599"}],"wp:featuredmedia":[{"embeddable":true,"href":"https:\/\/catolicanet.net\/wp-cnet\/wp-json\/wp\/v2\/media\/39598"}],"wp:attachment":[{"href":"https:\/\/catolicanet.net\/wp-cnet\/wp-json\/wp\/v2\/media?parent=39597"}],"wp:term":[{"taxonomy":"category","embeddable":true,"href":"https:\/\/catolicanet.net\/wp-cnet\/wp-json\/wp\/v2\/categories?post=39597"},{"taxonomy":"post_tag","embeddable":true,"href":"https:\/\/catolicanet.net\/wp-cnet\/wp-json\/wp\/v2\/tags?post=39597"}],"curies":[{"name":"wp","href":"https:\/\/api.w.org\/{rel}","templated":true}]}}