{"id":39594,"date":"2018-04-04T09:09:19","date_gmt":"2018-04-04T12:09:19","guid":{"rendered":"http:\/\/catolicanet.net\/wp-cnet\/?p=39594"},"modified":"2018-04-04T09:09:19","modified_gmt":"2018-04-04T12:09:19","slug":"papa-francisco-nomeia-bispo-auxiliar-para-olinda-e-recife-no-pernambuco","status":"publish","type":"post","link":"https:\/\/catolicanet.net\/wp-cnet\/papa-francisco-nomeia-bispo-auxiliar-para-olinda-e-recife-no-pernambuco\/","title":{"rendered":"Papa Francisco nomeia bispo auxiliar para Olinda e Recife, no Pernambuco"},"content":{"rendered":"<p>O papa Francisco nomeou hoje, 04 de abril, o padre Limac\u00eado Ant\u00f4nio da Silva como bispo titular de \u201cSalde\u201d e auxiliar da arquidiocese de Olinda e Recife, no Estado de Pernambuco. A decis\u00e3o foi tomada com base no pedido feito por dom Ant\u00f4nio Fernando Saburido, de poder contar com a colabora\u00e7\u00e3o de um bispo auxiliar.<\/p>\n<p>Padre Limac\u00eado Ant\u00f4nio da Silva \u00e9 natural de Nazar\u00e9 da Mata (PE), nasceu em 29 de setembro de 1960. Foi ordenado di\u00e1cono em 25 de janeiro de 1985, em Timba\u00faba (PE) e presb\u00edtero em 12 de janeiro de 1986, em Limoeiro (PE). Cursou Filosofia no Instituto Mission\u00e1rio Estrela Mission\u00e1ria, no Rio de Janeiro e Teologia no Mosteiro de S\u00e3o Bento, em Olinda (PE). Possui mestrado e doutorado em Dogm\u00e1tica, ambos pela Universidade Pontif\u00edcia Gregoriana, de Roma.<\/p>\n<p>Como sacerdote exerceu as fun\u00e7\u00f5es de vig\u00e1rio paroquial da Par\u00f3quia Nossa Senhora da Apresenta\u00e7\u00e3o, em Limoeiro (PE); assessor da juventude do meio popular, nos anos de 1987 a 1989; p\u00e1roco da Par\u00f3quia S\u00e3o Jos\u00e9, em Vertentes (PE); assessor da Inf\u00e2ncia Mission\u00e1ria, nos anos de 1995 a 2000; assessor das Comunidades Eclesiais de Base (Cebs), nos anos de 1988 a 1995; p\u00e1roco da Par\u00f3quia S\u00e3o Sebasti\u00e3o, em Machados (PE); coordenador diocesano de Pastoral; membro do Conselho Pastoral, de 1995 a 2001; professor de eclesiologia no Semin\u00e1rio de Olinda (PE), em 2009; p\u00e1roco da Par\u00f3quia Nossa Senhora das Dores, em Alian\u00e7a (PE), nos anos de 2017 a 2018, entre outras.<\/p>\n<p>Atualmente, padre Lim\u00e2cedo exerce o posto de coordenador diocesano de Pastoral da diocese de Nazar\u00e9, em Pernambuco.<\/p>\n<p>&nbsp;<\/p>\n<p>Fonte: CNBB<\/p>\n","protected":false},"excerpt":{"rendered":"<p>O papa Francisco nomeou hoje, 04 de abril, o padre Limac\u00eado Ant\u00f4nio da Silva como bispo titular de \u201cSalde\u201d e auxiliar da arquidiocese de Olinda e Recife, no Estado de Pernambuco. A decis\u00e3o foi tomada com base no pedido feito por dom Ant\u00f4nio Fernando Saburido, de poder contar com a colabora\u00e7\u00e3o de um bispo auxiliar. [&hellip;]<\/p>\n","protected":false},"author":1,"featured_media":39595,"comment_status":"open","ping_status":"closed","sticky":false,"template":"","format":"standard","meta":{"footnotes":""},"categories":[7],"tags":[],"class_list":["post-39594","post","type-post","status-publish","format-standard","has-post-thumbnail","hentry","category-cnbb"],"_links":{"self":[{"href":"https:\/\/catolicanet.net\/wp-cnet\/wp-json\/wp\/v2\/posts\/39594","targetHints":{"allow":["GET"]}}],"collection":[{"href":"https:\/\/catolicanet.net\/wp-cnet\/wp-json\/wp\/v2\/posts"}],"about":[{"href":"https:\/\/catolicanet.net\/wp-cnet\/wp-json\/wp\/v2\/types\/post"}],"author":[{"embeddable":true,"href":"https:\/\/catolicanet.net\/wp-cnet\/wp-json\/wp\/v2\/users\/1"}],"replies":[{"embeddable":true,"href":"https:\/\/catolicanet.net\/wp-cnet\/wp-json\/wp\/v2\/comments?post=39594"}],"version-history":[{"count":1,"href":"https:\/\/catolicanet.net\/wp-cnet\/wp-json\/wp\/v2\/posts\/39594\/revisions"}],"predecessor-version":[{"id":39596,"href":"https:\/\/catolicanet.net\/wp-cnet\/wp-json\/wp\/v2\/posts\/39594\/revisions\/39596"}],"wp:featuredmedia":[{"embeddable":true,"href":"https:\/\/catolicanet.net\/wp-cnet\/wp-json\/wp\/v2\/media\/39595"}],"wp:attachment":[{"href":"https:\/\/catolicanet.net\/wp-cnet\/wp-json\/wp\/v2\/media?parent=39594"}],"wp:term":[{"taxonomy":"category","embeddable":true,"href":"https:\/\/catolicanet.net\/wp-cnet\/wp-json\/wp\/v2\/categories?post=39594"},{"taxonomy":"post_tag","embeddable":true,"href":"https:\/\/catolicanet.net\/wp-cnet\/wp-json\/wp\/v2\/tags?post=39594"}],"curies":[{"name":"wp","href":"https:\/\/api.w.org\/{rel}","templated":true}]}}