{"id":39584,"date":"2018-04-03T15:26:36","date_gmt":"2018-04-03T18:26:36","guid":{"rendered":"http:\/\/catolicanet.net\/wp-cnet\/?p=39584"},"modified":"2018-04-03T15:29:09","modified_gmt":"2018-04-03T18:29:09","slug":"papa-francisco-precisara-fazer-cirurgia-de-catarata","status":"publish","type":"post","link":"https:\/\/catolicanet.net\/wp-cnet\/papa-francisco-precisara-fazer-cirurgia-de-catarata\/","title":{"rendered":"Papa Francisco precisar\u00e1 fazer cirurgia de catarata"},"content":{"rendered":"<div data-io-article-url=\"https:\/\/pt.aleteia.org\/2018\/04\/03\/papa-francisco-precisara-fazer-cirurgia-de-catarata\/\">\n<h2 class=\"subtitle\">Ele mesmo deu a not\u00edcia, com sua caracter\u00edstica naturalidade (e usando-a como ilustra\u00e7\u00e3o para um importante conceito espiritual)<\/h2>\n<p>Com a sua simplicidade e espontaneidade mundialmente famosas, o <strong>Papa Francisco<\/strong> gosta de tra\u00e7ar rela\u00e7\u00f5es entre a vida espiritual e as realidades humanas do dia-a-dia \u2013 afinal, \u00e9 justamente no cotidiano que mais nos custa enxergar e contemplar as manifesta\u00e7\u00f5es de Deus na pr\u00e1tica.<\/p>\n<p>E foi para ilustrar a nossa dificuldade de enxergar espiritualmente que ele comentou, de passagem, sobre um problema pessoal e natural de vis\u00e3o, que afeta milh\u00f5es e milh\u00f5es dos nossos irm\u00e3os:<\/p>\n<blockquote><p><em>\u201cNa minha idade, surgem cataratas e, por isso, n\u00e3o conseguimos mesmo ver a realidade. No ano que vem eu vou ter que fazer a cirurgia\u201d.<\/em><\/p><\/blockquote>\n<p>O coment\u00e1rio informal surgiu na <strong>Celebra\u00e7\u00e3o da Ceia do Senhor<\/strong>, nesta <strong>Quinta-feira Santa<\/strong>, no pres\u00eddio romano <strong>Regina Pacis<\/strong>, situado perto do Vaticano.<\/p>\n<figure class=\"aligncenter\"><img decoding=\"async\" src=\"https:\/\/i0.wp.com\/res.cloudinary.com\/aleteia\/image\/fetch\/c_fill,g_auto,w_1024\/https:\/\/aleteiaportuguese.files.wordpress.com\/2018\/03\/web2-holy-thursday-pope-francis-prison-washing-feet-osservatore-romano-afp.jpg?resize=1024%2C0&amp;quality=100&amp;strip=all&amp;ssl=1\" alt=\"POPE FRANCIS,HOLY THURSDAY\" data-lazy-loaded=\"true\" \/><\/p>\n<footer><small>Osservatore Romano | AFP<\/small><\/footer>\n<\/figure>\n<p>Foi l\u00e1 que o Papa Francisco realizou o tradicional <strong>lava-p\u00e9s<\/strong>. Mais uma vez, ele escolheu lavar os p\u00e9s de pessoas que simbolizam o lema do seu pontificado, focado na <strong>miseric\u00f3rdia<\/strong>, na <strong>convers\u00e3o do cora\u00e7\u00e3o<\/strong> e no <strong>acolhimento dos nossos irm\u00e3os relegados \u00e0s periferias da exist\u00eancia<\/strong>, sejam eles filhos pr\u00f3digos ou aparentes \u201cdesconhecidos\u201d.<\/p>\n<p>As doze pessoas escolhidas eram <strong>presidi\u00e1rios<\/strong> de diferentes nacionalidades e religi\u00f5es: quatro da It\u00e1lia, dois de Marrocos, dois das Filipinas, um de Moldova, um da Col\u00f4mbia, um da Nig\u00e9ria e um de Serra Leoa. Desse grupo, oito eram cat\u00f3licos, dois mu\u00e7ulmanos, um ortodoxo e o outro budista.<\/p>\n<p>Completando o paralelo entre a fraqueza de vis\u00e3o espiritual e a fraqueza da vis\u00e3o f\u00edsica, o Papa comentou:<\/p>\n<blockquote><p><em>\u201cAssim acontece com a alma: o cansa\u00e7o, as desilus\u00f5es\u2026 Nunca se cansem de renovar o seu olhar, de submeter a alma \u00e0 cirurgia di\u00e1ria dessas cataratas! \u00c9 um belo esfor\u00e7o!\u201d<\/em><\/p><\/blockquote>\n<p>Fonte: Aleteia<\/p>\n<\/div>\n","protected":false},"excerpt":{"rendered":"<p>Ele mesmo deu a not\u00edcia, com sua caracter\u00edstica naturalidade (e usando-a como ilustra\u00e7\u00e3o para um importante conceito espiritual) Com a sua simplicidade e espontaneidade mundialmente famosas, o Papa Francisco gosta de tra\u00e7ar rela\u00e7\u00f5es entre a vida espiritual e as realidades humanas do dia-a-dia \u2013 afinal, \u00e9 justamente no cotidiano que mais nos custa enxergar e [&hellip;]<\/p>\n","protected":false},"author":1,"featured_media":39585,"comment_status":"open","ping_status":"closed","sticky":false,"template":"","format":"standard","meta":{"footnotes":""},"categories":[4],"tags":[],"class_list":["post-39584","post","type-post","status-publish","format-standard","has-post-thumbnail","hentry","category-cotidiano"],"_links":{"self":[{"href":"https:\/\/catolicanet.net\/wp-cnet\/wp-json\/wp\/v2\/posts\/39584","targetHints":{"allow":["GET"]}}],"collection":[{"href":"https:\/\/catolicanet.net\/wp-cnet\/wp-json\/wp\/v2\/posts"}],"about":[{"href":"https:\/\/catolicanet.net\/wp-cnet\/wp-json\/wp\/v2\/types\/post"}],"author":[{"embeddable":true,"href":"https:\/\/catolicanet.net\/wp-cnet\/wp-json\/wp\/v2\/users\/1"}],"replies":[{"embeddable":true,"href":"https:\/\/catolicanet.net\/wp-cnet\/wp-json\/wp\/v2\/comments?post=39584"}],"version-history":[{"count":3,"href":"https:\/\/catolicanet.net\/wp-cnet\/wp-json\/wp\/v2\/posts\/39584\/revisions"}],"predecessor-version":[{"id":39588,"href":"https:\/\/catolicanet.net\/wp-cnet\/wp-json\/wp\/v2\/posts\/39584\/revisions\/39588"}],"wp:featuredmedia":[{"embeddable":true,"href":"https:\/\/catolicanet.net\/wp-cnet\/wp-json\/wp\/v2\/media\/39585"}],"wp:attachment":[{"href":"https:\/\/catolicanet.net\/wp-cnet\/wp-json\/wp\/v2\/media?parent=39584"}],"wp:term":[{"taxonomy":"category","embeddable":true,"href":"https:\/\/catolicanet.net\/wp-cnet\/wp-json\/wp\/v2\/categories?post=39584"},{"taxonomy":"post_tag","embeddable":true,"href":"https:\/\/catolicanet.net\/wp-cnet\/wp-json\/wp\/v2\/tags?post=39584"}],"curies":[{"name":"wp","href":"https:\/\/api.w.org\/{rel}","templated":true}]}}