{"id":39569,"date":"2018-04-03T11:24:32","date_gmt":"2018-04-03T14:24:32","guid":{"rendered":"http:\/\/catolicanet.net\/wp-cnet\/?p=39569"},"modified":"2018-04-03T11:24:32","modified_gmt":"2018-04-03T14:24:32","slug":"a-sintonia-entre-o-papa-francisco-e-martin-luther-king","status":"publish","type":"post","link":"https:\/\/catolicanet.net\/wp-cnet\/a-sintonia-entre-o-papa-francisco-e-martin-luther-king\/","title":{"rendered":"A sintonia entre o Papa Francisco e Martin Luther King"},"content":{"rendered":"<div class=\"article__subTitle\">Nos 50 anos da morte do l\u00edder afro-americano, o Observador da Santa S\u00e9 na ONU, em Genebra, fala ao Vatican News sobre o legado de Luther King e a grande sintonia com o Papa Francisco.<\/div>\n<div class=\"title__separator\"><\/div>\n<div class=\"article__text\">\n<p><b>Alessandro Gisotti \u2013 Citt\u00e0 del Vaticano<\/b><\/p>\n<p>No dia 4 de abril, recordamos 50 anos da morte de <b>Martin Luther King<\/b>, pastor protestante afro-americano vencedor do Pr\u00eamio Nobel da Paz 1964 e assassinado 4 anos mais tarde em Memphis, no estado de Tennessee (EUA), promovendo uma campanha em defesa dos trabalhadores negros.<\/p>\n<p>Poucos dias depois, antes de rezar o Angelus na Pra\u00e7a S\u00e3o Pedro, o <b>Papa Paulo VI <\/b>\u2013 que o havia recebido no Vaticano em 1964 \u2013 expressou a sua dor pelo assassinato de um \u201cindefeso crist\u00e3o, profeta da integra\u00e7\u00e3o racial\u201d.<\/p>\n<p>O \u00edcone da n\u00e3o-viol\u00eancia e do amor ao pr\u00f3ximo \u00e9 tamb\u00e9m fonte de inspira\u00e7\u00e3o para o Papa Francisco, que o mencionou em seu discurso ao Congresso dos EUA, em setembro de 2015 e que recebeu \u2013 h\u00e1 pouco menos de um m\u00eas \u2013 sua filha <b>Bernice Albertine<\/b>, ativa contra todo tipo de discrimina\u00e7\u00e3o.<\/p>\n<p>O <b>Vatican News<\/b> entrevistou o <b>Arcebispo Ivan Jurkovi\u010d<\/b>, Observador permanente da Santa S\u00e9 junto \u00e0s Na\u00e7\u00f5es Unidas, em Genebra.<\/p>\n<p>&#8211; 50 anos depois da morte de Martin Luther King, qual seria seu legado mais importante na defesa dos direitos humanos?<\/p>\n<p>\u201cCertamente foi um personagem monumental na hist\u00f3ria da defesa dos direitos humanos. Pode-se dizer que com ele, teve in\u00edcio um \u201cper\u00edodo novo\u201d, seguido tamb\u00e9m por um desenvolvimento geral da sociedade e da democracia, entre outros. Provavelmente ficar\u00e1 para sempre entre os grande do s\u00e9culo XX&#8230; assim como outros\u201d.<\/p>\n<p>&#8211; Falando ao Congresso dos EUA em 2015, Papa Francisco afirmou que \u201co sonho de Martin Luther King continua a nos inspirar\u201d. Quais s\u00e3o os pontos em comum entre o Papa e o l\u00edder afro-americano?<\/p>\n<p>\u201cAcho que a primeira coisa que deve ser objetivamente reconhecida, e \u00e9 vis\u00edvel \u2013 \u00e9 que ambos s\u00e3o express\u00f5es culturais n\u00e3o-europeias: duas pessoas que atra\u00edram a aten\u00e7\u00e3o universal para uma nova vis\u00e3o do mundo. Claro, Martin Luther King o fez na defesa dos direitos humanos da popula\u00e7\u00e3o afro-americana; o Papa apresenta uma nova vis\u00e3o da Igreja. Tudo isso representa dois princ\u00edpios t\u00edpicos da inspira\u00e7\u00e3o crist\u00e3: a n\u00e3o-viol\u00eancia e a fraternidade universal\u201d.<\/p>\n<p>&#8211; Em v\u00e1rias partes do mundo hoje ressurgem fen\u00f4menos de racismo e discrimina\u00e7\u00e3o&#8230; o que a Santa S\u00e9 faz e pode fazer, tomando como exemplo Martin Luther King?<\/p>\n<p>\u201cVemos nas Na\u00e7\u00f5es Unidas que quest\u00f5es t\u00e3o essenciais necessitam de uma cont\u00ednua aten\u00e7\u00e3o, que n\u00e3o podem ser apenas burocr\u00e1tica, mas tamb\u00e9m de personalidades. A visibilidade sobre os grandes temas da Humanidade pode ser alcan\u00e7ada somente atrav\u00e9s de personagens p\u00fablicos. O Papa Francisco o faz \u2013 de modo espl\u00eandido \u2013 e todos reconhecem seu papel, conquistado em t\u00e3o pouco tempo. O Papa acredita que o \u00fanico futuro digno da pessoa humana \u00e9 o que inclui todos. E n\u00f3s devemos perseguir e defender esta vis\u00e3o, que \u00e9 a de Martin Luther King: todos podemos ser felizes, mas isto acontece somente quando todos s\u00e3o inclu\u00eddos: desde o \u00faltimo at\u00e9 o mais privilegiado e vice-versa\u201d.<\/p>\n<\/div>\n<p>Fonte: R\u00e1dio Vaticano<\/p>\n","protected":false},"excerpt":{"rendered":"<p>Nos 50 anos da morte do l\u00edder afro-americano, o Observador da Santa S\u00e9 na ONU, em Genebra, fala ao Vatican News sobre o legado de Luther King e a grande sintonia com o Papa Francisco. Alessandro Gisotti \u2013 Citt\u00e0 del Vaticano No dia 4 de abril, recordamos 50 anos da morte de Martin Luther King, [&hellip;]<\/p>\n","protected":false},"author":1,"featured_media":39570,"comment_status":"open","ping_status":"closed","sticky":false,"template":"","format":"standard","meta":{"footnotes":""},"categories":[3],"tags":[],"class_list":["post-39569","post","type-post","status-publish","format-standard","has-post-thumbnail","hentry","category-vaticano"],"_links":{"self":[{"href":"https:\/\/catolicanet.net\/wp-cnet\/wp-json\/wp\/v2\/posts\/39569","targetHints":{"allow":["GET"]}}],"collection":[{"href":"https:\/\/catolicanet.net\/wp-cnet\/wp-json\/wp\/v2\/posts"}],"about":[{"href":"https:\/\/catolicanet.net\/wp-cnet\/wp-json\/wp\/v2\/types\/post"}],"author":[{"embeddable":true,"href":"https:\/\/catolicanet.net\/wp-cnet\/wp-json\/wp\/v2\/users\/1"}],"replies":[{"embeddable":true,"href":"https:\/\/catolicanet.net\/wp-cnet\/wp-json\/wp\/v2\/comments?post=39569"}],"version-history":[{"count":1,"href":"https:\/\/catolicanet.net\/wp-cnet\/wp-json\/wp\/v2\/posts\/39569\/revisions"}],"predecessor-version":[{"id":39571,"href":"https:\/\/catolicanet.net\/wp-cnet\/wp-json\/wp\/v2\/posts\/39569\/revisions\/39571"}],"wp:featuredmedia":[{"embeddable":true,"href":"https:\/\/catolicanet.net\/wp-cnet\/wp-json\/wp\/v2\/media\/39570"}],"wp:attachment":[{"href":"https:\/\/catolicanet.net\/wp-cnet\/wp-json\/wp\/v2\/media?parent=39569"}],"wp:term":[{"taxonomy":"category","embeddable":true,"href":"https:\/\/catolicanet.net\/wp-cnet\/wp-json\/wp\/v2\/categories?post=39569"},{"taxonomy":"post_tag","embeddable":true,"href":"https:\/\/catolicanet.net\/wp-cnet\/wp-json\/wp\/v2\/tags?post=39569"}],"curies":[{"name":"wp","href":"https:\/\/api.w.org\/{rel}","templated":true}]}}