{"id":39566,"date":"2018-04-03T11:04:54","date_gmt":"2018-04-03T14:04:54","guid":{"rendered":"http:\/\/catolicanet.net\/wp-cnet\/?p=39566"},"modified":"2018-04-03T11:04:54","modified_gmt":"2018-04-03T14:04:54","slug":"a-mensagem-urbi-et-orbi-do-papa-francisco","status":"publish","type":"post","link":"https:\/\/catolicanet.net\/wp-cnet\/a-mensagem-urbi-et-orbi-do-papa-francisco\/","title":{"rendered":"A mensagem Urbi et Orbi do Papa Francisco"},"content":{"rendered":"<div class=\"article__subTitle\">Frutos de paz para o mundo inteiro, de reconcilia\u00e7\u00e3o, de di\u00e1logo, de consola\u00e7\u00e3o. Esta foi a s\u00faplica do Papa Francisco em sua mensagem dirigida \u00e0 cidade e ao mundo neste Domingo de p\u00e1scoa<\/div>\n<div class=\"title__separator\"><\/div>\n<div class=\"article__text\">\n<p><b>Cidade do Vaticano<\/b><\/p>\n<p>Neste Domingo da P\u00e1scoa da Ressurrei\u00e7\u00e3o, o Papa Francisco dirigiu sua mensagem de P\u00e1scoa e concedeu a B\u00ean\u00e7\u00e3o<i> Urbi <\/i>et <i>Orbi <\/i>(&#8220;<i>\u00e0 cidade<\/i>\u00a0[de\u00a0<a title=\"Roma\" href=\"https:\/\/pt.wikipedia.org\/wiki\/Roma\" rel=\"external nofollow\">Roma<\/a>]\u00a0<i>e ao mundo<\/i>&#8220;), com a Indulg\u00eancia Plen\u00e1ria segundo as normas estabelecidas pela Igreja. Eis o texto de sua mensagem na \u00edntegra:<\/p>\n<p>&#8220;Queridos irm\u00e3os e irm\u00e3s, feliz P\u00e1scoa!<\/p>\n<p>Jesus ressuscitou dos mortos.<\/p>\n<p>Ressoa na Igreja, por todo o mundo, este an\u00fancio, juntamente com o c\u00e2ntico do Aleluia: Jesus \u00e9 o Senhor, o Pai ressuscitou-O e Ele est\u00e1 vivo para sempre no meio de n\u00f3s.<\/p>\n<p>O pr\u00f3prio Jesus preanunciara a sua morte e ressurrei\u00e7\u00e3o com a imagem do <i>gr\u00e3o de trigo<\/i>. Dizia: \u00abSe o gr\u00e3o de trigo, lan\u00e7ado \u00e0 terra, n\u00e3o morrer, fica ele s\u00f3; mas, se morrer, d\u00e1 muito fruto\u00bb (<i>Jo<\/i> 12, 24). Foi isto mesmo que aconteceu: Jesus, o gr\u00e3o de trigo semeado por Deus nos sulcos da terra, morreu v\u00edtima do pecado do mundo, permaneceu dois dias no sepulcro; mas, naquela sua morte, estava contida toda a for\u00e7a do amor de Deus, que se desencadeou e manifestou ao terceiro dia, aquele que celebramos hoje: a P\u00e1scoa de Cristo Senhor.<\/p>\n<p>N\u00f3s, crist\u00e3os, acreditamos e sabemos que a ressurrei\u00e7\u00e3o de Cristo \u00e9 a verdadeira esperan\u00e7a do mundo, a esperan\u00e7a que n\u00e3o decepciona. \u00c9 a for\u00e7a do gr\u00e3o de trigo, a do amor que se humilha e oferece at\u00e9 ao fim e que verdadeiramente renova o mundo. Esta for\u00e7a d\u00e1 fruto tamb\u00e9m hoje nos sulcos da nossa hist\u00f3ria, marcada por tantas injusti\u00e7as e viol\u00eancias. D\u00e1 frutos de esperan\u00e7a e dignidade onde h\u00e1 mis\u00e9ria e exclus\u00e3o, onde h\u00e1 fome e falta trabalho, no meio dos deslocados e refugiados \u2013 frequentemente rejeitados pela cultura atual do descarte \u2013 das v\u00edtimas do narcotr\u00e1fico, do tr\u00e1fico de pessoas e da escravid\u00e3o dos nossos tempos.<\/p>\n<p>E n\u00f3s, hoje, pedimos frutos de paz para o mundo inteiro, a come\u00e7ar pela amada e martirizada S\u00edria, cuja popula\u00e7\u00e3o se encontra exausta por uma guerra sem um fim \u00e0 vista. Nesta P\u00e1scoa, a luz de Cristo Ressuscitado ilumine as consci\u00eancias de todos os respons\u00e1veis pol\u00edticos e militares, para que se ponha imediatamente termo ao exterm\u00ednio em curso, respeite o direito humanit\u00e1rio e proveja a facilitar o acesso \u00e0s ajudas de que t\u00eam urgente necessidade estes nossos irm\u00e3os e irm\u00e3s, assegurando ao mesmo tempo condi\u00e7\u00f5es adequadas para o regresso de quantos foram desalojados.<\/p>\n<p>Frutos de reconcilia\u00e7\u00e3o, imploramos para a Terra Santa, tamb\u00e9m ferida por conflitos abertos que n\u00e3o poupam os indefesos, para o I\u00eamen e para todo o M\u00e9dio Oriente, a fim de que o di\u00e1logo e o respeito m\u00fatuo prevale\u00e7am sobre as divis\u00f5es e a viol\u00eancia. Possam os nossos irm\u00e3os em Cristo, que muitas vezes sofrem abusos e persegui\u00e7\u00f5es, ser testemunhas luminosas do Ressuscitado e da vit\u00f3ria do bem sobre o mal.<\/p>\n<p>Frutos de esperan\u00e7a, suplicamos neste dia para todos aqueles que anseiam por uma vida mais digna, especialmente nas regi\u00f5es do continente africano atormentadas pela fome, por conflitos end\u00e9micos e pelo terrorismo. A paz do Ressuscitado cure as feridas no Sud\u00e3o do Sul e da mortificada Rep\u00fablica Democr\u00e1tica do Congo: abra os cora\u00e7\u00f5es ao di\u00e1logo e \u00e0 compreens\u00e3o m\u00fatua. N\u00e3o esque\u00e7amos as v\u00edtimas daquele conflito, sobretudo as crian\u00e7as! N\u00e3o falte a solidariedade em prol das in\u00fameras pessoas for\u00e7adas a abandonar as suas terras e privadas do m\u00ednimo necess\u00e1rio para viver.<\/p>\n<p>Frutos de di\u00e1logo, imploramos para a pen\u00ednsula coreana, para que os col\u00f3quios em curso promovam a harmonia e a pacifica\u00e7\u00e3o da regi\u00e3o. Aqueles que t\u00eam responsabilidades diretas ajam com sabedoria e discernimento para promover o bem do povo coreano e construir rela\u00e7\u00f5es de confian\u00e7a no \u00e2mbito da comunidade internacional.<\/p>\n<p>Frutos de paz, pedimos para a Ucr\u00e2nia, a fim de que se reforcem os passos a favor da conc\u00f3rdia e sejam facilitadas as iniciativas humanit\u00e1rias de que necessita a popula\u00e7\u00e3o.<\/p>\n<p>Frutos de consola\u00e7\u00e3o, suplicamos para o povo venezuelano, que vive \u2013 escreveram os seus Pastores \u2013 como que em \u00abterra estrangeira\u00bb no seu pr\u00f3prio pa\u00eds. Possa, pela for\u00e7a da Ressurrei\u00e7\u00e3o do Senhor Jesus, encontrar a via justa, pac\u00edfica e humana para sair, o mais r\u00e1pido poss\u00edvel, da crise pol\u00edtica e humanit\u00e1ria que o oprime e, \u00e0queles dentre os seus filhos que s\u00e3o for\u00e7ados a abandonar a sua p\u00e1tria, n\u00e3o lhes falte hospedagem nem assist\u00eancia.<\/p>\n<p>Frutos de vida nova, Cristo Ressuscitado d\u00ea \u00e0s crian\u00e7as que, por causa das guerras e da fome, crescem sem esperan\u00e7a, privadas de educa\u00e7\u00e3o e assist\u00eancia sanit\u00e1ria; e tamb\u00e9m aos idosos descartados pela cultura ego\u00edsta que p\u00f5e de lado aqueles que n\u00e3o s\u00e3o \u00abprodutivos\u00bb.<\/p>\n<p>Frutos de sabedoria, imploramos para aqueles que, em todo o mundo, t\u00eam responsabilidades pol\u00edticas, a fim de que respeitem sempre a dignidade humana, trabalhem com dedica\u00e7\u00e3o ao servi\u00e7o do bem comum e garantam progresso e seguran\u00e7a aos seus cidad\u00e3os.<\/p>\n<p>Queridos irm\u00e3os e irm\u00e3s!<\/p>\n<p>Tamb\u00e9m a n\u00f3s, como \u00e0s mulheres que acorreram ao sepulcro, \u00e9-nos dirigida esta palavra: \u00abPorque buscais o Vivente entre os mortos? N\u00e3o est\u00e1 aqui; ressuscitou!\u00bb (<i>Lc<\/i> 24, 5-6). A morte, a solid\u00e3o e o medo j\u00e1 n\u00e3o s\u00e3o a \u00faltima palavra. H\u00e1 uma palavra que vem depois e que s\u00f3 Deus pode pronunciar: \u00e9 a palavra da Ressurrei\u00e7\u00e3o (cf. Jo\u00e3o Paulo II, <i>Palavras no final da Via-Sacra<\/i>, 18\/IV\/2003). Com a for\u00e7a do amor de Deus, ela \u00abafugenta os crimes, lava as culpas, restitui a inoc\u00eancia aos pecadores, d\u00e1 alegria aos tristes, derruba os poderosos, dissipa os \u00f3dios, estabelece a conc\u00f3rdia e a paz\u00bb (<i>Prec\u00f3nio Pascal<\/i>)&#8221;.<\/p>\n<p>Fonte: R\u00e1dio Vaticano<\/p>\n<\/div>\n","protected":false},"excerpt":{"rendered":"<p>Frutos de paz para o mundo inteiro, de reconcilia\u00e7\u00e3o, de di\u00e1logo, de consola\u00e7\u00e3o. Esta foi a s\u00faplica do Papa Francisco em sua mensagem dirigida \u00e0 cidade e ao mundo neste Domingo de p\u00e1scoa Cidade do Vaticano Neste Domingo da P\u00e1scoa da Ressurrei\u00e7\u00e3o, o Papa Francisco dirigiu sua mensagem de P\u00e1scoa e concedeu a B\u00ean\u00e7\u00e3o Urbi [&hellip;]<\/p>\n","protected":false},"author":1,"featured_media":39567,"comment_status":"open","ping_status":"closed","sticky":false,"template":"","format":"standard","meta":{"footnotes":""},"categories":[3],"tags":[],"class_list":["post-39566","post","type-post","status-publish","format-standard","has-post-thumbnail","hentry","category-vaticano"],"_links":{"self":[{"href":"https:\/\/catolicanet.net\/wp-cnet\/wp-json\/wp\/v2\/posts\/39566","targetHints":{"allow":["GET"]}}],"collection":[{"href":"https:\/\/catolicanet.net\/wp-cnet\/wp-json\/wp\/v2\/posts"}],"about":[{"href":"https:\/\/catolicanet.net\/wp-cnet\/wp-json\/wp\/v2\/types\/post"}],"author":[{"embeddable":true,"href":"https:\/\/catolicanet.net\/wp-cnet\/wp-json\/wp\/v2\/users\/1"}],"replies":[{"embeddable":true,"href":"https:\/\/catolicanet.net\/wp-cnet\/wp-json\/wp\/v2\/comments?post=39566"}],"version-history":[{"count":1,"href":"https:\/\/catolicanet.net\/wp-cnet\/wp-json\/wp\/v2\/posts\/39566\/revisions"}],"predecessor-version":[{"id":39568,"href":"https:\/\/catolicanet.net\/wp-cnet\/wp-json\/wp\/v2\/posts\/39566\/revisions\/39568"}],"wp:featuredmedia":[{"embeddable":true,"href":"https:\/\/catolicanet.net\/wp-cnet\/wp-json\/wp\/v2\/media\/39567"}],"wp:attachment":[{"href":"https:\/\/catolicanet.net\/wp-cnet\/wp-json\/wp\/v2\/media?parent=39566"}],"wp:term":[{"taxonomy":"category","embeddable":true,"href":"https:\/\/catolicanet.net\/wp-cnet\/wp-json\/wp\/v2\/categories?post=39566"},{"taxonomy":"post_tag","embeddable":true,"href":"https:\/\/catolicanet.net\/wp-cnet\/wp-json\/wp\/v2\/tags?post=39566"}],"curies":[{"name":"wp","href":"https:\/\/api.w.org\/{rel}","templated":true}]}}