{"id":39557,"date":"2018-04-03T09:59:18","date_gmt":"2018-04-03T12:59:18","guid":{"rendered":"http:\/\/catolicanet.net\/wp-cnet\/?p=39557"},"modified":"2018-04-03T09:59:18","modified_gmt":"2018-04-03T12:59:18","slug":"lembranca-especial-do-dia-2-de-abril-para-o-mundo-13-anos-sem-joao-paulo-ii","status":"publish","type":"post","link":"https:\/\/catolicanet.net\/wp-cnet\/lembranca-especial-do-dia-2-de-abril-para-o-mundo-13-anos-sem-joao-paulo-ii\/","title":{"rendered":"Lembran\u00e7a especial do dia 2 de abril para o mundo: 13 anos sem Jo\u00e3o Paulo II"},"content":{"rendered":"<p>Este dia 2 de abril marca os 13 anos da morte de S\u00e3o Jo\u00e3o Paulo II.<\/p>\n<p>Em 2005, o dia 2 de abril era um s\u00e1bado e na Pra\u00e7a S. Pedro milhares de fi\u00e9is estavam em ora\u00e7\u00e3o at\u00e9 que o ent\u00e3o substituto na Secretaria de Estado, Cardeal Leonardo Sandri, fez o seguinte an\u00fancio:<\/p>\n<p>\u201cCaros irm\u00e3os e irm\u00e3s, \u00e0s 21h37, o nosso amado papa Jo\u00e3o Paulo II voltou \u00e0 casa do Senhor. Rezemos por ele\u201d.<\/p>\n<p>As palavras do cardeal argentino foram seguidas de como\u00e7\u00e3o e a partir da\u00ed a voz de \u201csanto j\u00e1\u201d se espalhou entre os peregrinos que vieram a Roma se despedir do papa polon\u00eas. A sua canoniza\u00e7\u00e3o, em 27 de abril de 2014, foi presidida pelo Papa Francisco, com a presen\u00e7a de Bento XVI.<\/p>\n<p>Assista ao v\u00eddeo no endere\u00e7o https:\/\/youtu.be\/HDYBoQ_Lktc<\/p>\n<p>&nbsp;<\/p>\n<p>Fonte: CNBB<\/p>\n","protected":false},"excerpt":{"rendered":"<p>Este dia 2 de abril marca os 13 anos da morte de S\u00e3o Jo\u00e3o Paulo II. Em 2005, o dia 2 de abril era um s\u00e1bado e na Pra\u00e7a S. Pedro milhares de fi\u00e9is estavam em ora\u00e7\u00e3o at\u00e9 que o ent\u00e3o substituto na Secretaria de Estado, Cardeal Leonardo Sandri, fez o seguinte an\u00fancio: \u201cCaros irm\u00e3os [&hellip;]<\/p>\n","protected":false},"author":1,"featured_media":39558,"comment_status":"open","ping_status":"closed","sticky":false,"template":"","format":"standard","meta":{"footnotes":""},"categories":[7],"tags":[],"class_list":["post-39557","post","type-post","status-publish","format-standard","has-post-thumbnail","hentry","category-cnbb"],"_links":{"self":[{"href":"https:\/\/catolicanet.net\/wp-cnet\/wp-json\/wp\/v2\/posts\/39557","targetHints":{"allow":["GET"]}}],"collection":[{"href":"https:\/\/catolicanet.net\/wp-cnet\/wp-json\/wp\/v2\/posts"}],"about":[{"href":"https:\/\/catolicanet.net\/wp-cnet\/wp-json\/wp\/v2\/types\/post"}],"author":[{"embeddable":true,"href":"https:\/\/catolicanet.net\/wp-cnet\/wp-json\/wp\/v2\/users\/1"}],"replies":[{"embeddable":true,"href":"https:\/\/catolicanet.net\/wp-cnet\/wp-json\/wp\/v2\/comments?post=39557"}],"version-history":[{"count":1,"href":"https:\/\/catolicanet.net\/wp-cnet\/wp-json\/wp\/v2\/posts\/39557\/revisions"}],"predecessor-version":[{"id":39559,"href":"https:\/\/catolicanet.net\/wp-cnet\/wp-json\/wp\/v2\/posts\/39557\/revisions\/39559"}],"wp:featuredmedia":[{"embeddable":true,"href":"https:\/\/catolicanet.net\/wp-cnet\/wp-json\/wp\/v2\/media\/39558"}],"wp:attachment":[{"href":"https:\/\/catolicanet.net\/wp-cnet\/wp-json\/wp\/v2\/media?parent=39557"}],"wp:term":[{"taxonomy":"category","embeddable":true,"href":"https:\/\/catolicanet.net\/wp-cnet\/wp-json\/wp\/v2\/categories?post=39557"},{"taxonomy":"post_tag","embeddable":true,"href":"https:\/\/catolicanet.net\/wp-cnet\/wp-json\/wp\/v2\/tags?post=39557"}],"curies":[{"name":"wp","href":"https:\/\/api.w.org\/{rel}","templated":true}]}}