{"id":39555,"date":"2018-04-03T09:37:22","date_gmt":"2018-04-03T12:37:22","guid":{"rendered":"http:\/\/catolicanet.net\/wp-cnet\/?p=39555"},"modified":"2018-04-03T09:37:22","modified_gmt":"2018-04-03T12:37:22","slug":"testemunho-da-ressurreicao","status":"publish","type":"post","link":"https:\/\/catolicanet.net\/wp-cnet\/testemunho-da-ressurreicao\/","title":{"rendered":"Testemunho da ressurrei\u00e7\u00e3o"},"content":{"rendered":"<p>Aquilo que falamos e acreditamos sobre a ressurrei\u00e7\u00e3o de Jesus Cristo \u00e9 um fato que depende de f\u00e9. A P\u00e1scoa \u00e9 revitalizada com o testemunho, os gestos e o servi\u00e7o dos crist\u00e3os, do seu sentir como Igreja, e sua proximidade com os demais, na constru\u00e7\u00e3o de um mundo melhor. Verdadeiramente, a P\u00e1scoa \u00e9 a\u00e7\u00e3o din\u00e2mica em favor de uma vida ressuscitada e comprometida com a comunidade crist\u00e3.<\/p>\n<p>No livro dos Atos dos Ap\u00f3stolos encontramos comunidades unidas e comprometidas por acreditar nos ensinamentos de Jesus. Conseguiram compreender a dimens\u00e3o da vida crist\u00e3 e as implica\u00e7\u00f5es que isso causa na conviv\u00eancia fraterna. Inclusive partilhavam seus bens para que ningu\u00e9m passasse necessidade. Isso significa que a partilha eleva a vida das pessoas e as tornam respons\u00e1veis por tudo.<\/p>\n<p>Hoje temos in\u00fameras comunidades carentes, perif\u00e9ricas, \u00e0s vezes desorganizadas, sem saneamento b\u00e1sico e sem assist\u00eancia do poder p\u00fablico. O lixo fica pelas ruas e s\u00e3o totalmente desprovidas das condi\u00e7\u00f5es de sobreviv\u00eancia digna. Necessitam de um processo de ressurrei\u00e7\u00e3o, de pol\u00edticas p\u00fablicas para mudar sua realidade e transform\u00e1-la num espa\u00e7o de conviv\u00eancia fraterna.<\/p>\n<p>A experi\u00eancia de vida no Cristo ressuscitado provoca a partilha, porque as pessoas se sentem como verdadeiros irm\u00e3os e irm\u00e3s, correspons\u00e1veis na vida comunit\u00e1ria. No encontro pessoal com Jesus Cristo ressuscitado e vivo, a pessoa reacende e irradia a for\u00e7a da ressurrei\u00e7\u00e3o em sua vida e faz o processo da partilha com as outras pessoas que fazem parte do seu conv\u00edvio.<\/p>\n<p>O ap\u00f3stolo Tom\u00e9, um dos doze, estava fora da comunidade dos disc\u00edpulos quando Jesus lhes apareceu. Ele teve dificuldade para acreditar que Jesus tinha ressuscitado. O mesmo acontece com quem se isola, se fecha em seu pr\u00f3prio mundo, no individualismo e distante da vida comunit\u00e1ria. Para acreditar teve que tocar nas chagas de Jesus, mas isso aconteceu no contexto da comunidade reunida.<\/p>\n<p>A f\u00e9 vinda do batismo cria v\u00ednculo entre os crist\u00e3os, v\u00ednculo de fraternidade e de vida comunit\u00e1ria, porque ela faz circular o amor entre todos os que dizem amar a Deus. Viver a P\u00e1scoa \u00e9 ser capaz de promover a vida dos irm\u00e3os, porque a centralidade de sua a\u00e7\u00e3o est\u00e1 fundamentada na ressurrei\u00e7\u00e3o de Jesus Cristo. A morte foi superada pela pr\u00e1tica dos compromissos e a\u00e7\u00f5es da vida crist\u00e3.<\/p>\n","protected":false},"excerpt":{"rendered":"<p>Aquilo que falamos e acreditamos sobre a ressurrei\u00e7\u00e3o de Jesus Cristo \u00e9 um fato que depende de f\u00e9. A P\u00e1scoa \u00e9 revitalizada com o testemunho, os gestos e o servi\u00e7o dos crist\u00e3os, do seu sentir como Igreja, e sua proximidade com os demais, na constru\u00e7\u00e3o de um mundo melhor. Verdadeiramente, a P\u00e1scoa \u00e9 a\u00e7\u00e3o din\u00e2mica [&hellip;]<\/p>\n","protected":false},"author":11,"featured_media":32781,"comment_status":"open","ping_status":"closed","sticky":false,"template":"","format":"standard","meta":{"footnotes":""},"categories":[9],"tags":[],"class_list":["post-39555","post","type-post","status-publish","format-standard","has-post-thumbnail","hentry","category-artigos"],"_links":{"self":[{"href":"https:\/\/catolicanet.net\/wp-cnet\/wp-json\/wp\/v2\/posts\/39555","targetHints":{"allow":["GET"]}}],"collection":[{"href":"https:\/\/catolicanet.net\/wp-cnet\/wp-json\/wp\/v2\/posts"}],"about":[{"href":"https:\/\/catolicanet.net\/wp-cnet\/wp-json\/wp\/v2\/types\/post"}],"author":[{"embeddable":true,"href":"https:\/\/catolicanet.net\/wp-cnet\/wp-json\/wp\/v2\/users\/11"}],"replies":[{"embeddable":true,"href":"https:\/\/catolicanet.net\/wp-cnet\/wp-json\/wp\/v2\/comments?post=39555"}],"version-history":[{"count":1,"href":"https:\/\/catolicanet.net\/wp-cnet\/wp-json\/wp\/v2\/posts\/39555\/revisions"}],"predecessor-version":[{"id":39556,"href":"https:\/\/catolicanet.net\/wp-cnet\/wp-json\/wp\/v2\/posts\/39555\/revisions\/39556"}],"wp:featuredmedia":[{"embeddable":true,"href":"https:\/\/catolicanet.net\/wp-cnet\/wp-json\/wp\/v2\/media\/32781"}],"wp:attachment":[{"href":"https:\/\/catolicanet.net\/wp-cnet\/wp-json\/wp\/v2\/media?parent=39555"}],"wp:term":[{"taxonomy":"category","embeddable":true,"href":"https:\/\/catolicanet.net\/wp-cnet\/wp-json\/wp\/v2\/categories?post=39555"},{"taxonomy":"post_tag","embeddable":true,"href":"https:\/\/catolicanet.net\/wp-cnet\/wp-json\/wp\/v2\/tags?post=39555"}],"curies":[{"name":"wp","href":"https:\/\/api.w.org\/{rel}","templated":true}]}}