{"id":39500,"date":"2018-04-01T08:00:13","date_gmt":"2018-04-01T11:00:13","guid":{"rendered":"http:\/\/catolicanet.net\/wp-cnet\/?p=39500"},"modified":"2018-03-29T10:58:08","modified_gmt":"2018-03-29T13:58:08","slug":"este-e-o-dia-que-o-senhor-fez-para-nos-alegremo-nos-e-nele-exultemos-sl-117","status":"publish","type":"post","link":"https:\/\/catolicanet.net\/wp-cnet\/este-e-o-dia-que-o-senhor-fez-para-nos-alegremo-nos-e-nele-exultemos-sl-117\/","title":{"rendered":"\u201cEste \u00e9 o dia que o Senhor fez para n\u00f3s, alegremo-nos e nele exultemos!\u201d (Sl 117)"},"content":{"rendered":"<p style=\"text-align: justify;\"><span style=\"font-weight: 400;\">Estamos na P\u00e1scoa: \u201ceste \u00e9 o dia que o Senhor fez para n\u00f3s\u201d, e assim o preparou, com a Vit\u00f3ria Pascal sobre a morte, \u201cressuscitando Jesus dos mortos, ressuscitou tamb\u00e9m a humanidade das profundezas do sepulcro\u201d<\/span><span style=\"font-weight: 400;\">. Somos contagiados pela Alegria da Vida que nos leva a exultar, como ensina o salmista.<\/span><\/p>\n<p style=\"text-align: justify;\"><span style=\"font-weight: 400;\">A sequ\u00eancia de P\u00e1scoa deste belo dia leva-nos a irromper com alegria e gritos de j\u00fabilo: \u201cCantai, crist\u00e3os, afinal: Vi, Cristo Ressuscitado. Ressuscitou de verdade\u201d! Todas as experi\u00eancias de morte, persegui\u00e7\u00e3o, intoler\u00e2ncia, viol\u00eancias, maldades, injusti\u00e7as, tristezas e tantas situa\u00e7\u00f5es sociais, religiosas e econ\u00f4micas degradantes desta \u201cmudan\u00e7a de \u00e9poca\u201d s\u00e3o iluminadas pela certeza da vida que vence a morte como nos lembra o canto da proclama\u00e7\u00e3o da p\u00e1scoa no s\u00e1bado santo: \u201c\u00d3 noite de alegria verdadeira\u201d.<\/span><\/p>\n<p style=\"text-align: justify;\"><span style=\"font-weight: 400;\">A Alegria da \u201cVida em Cristo\u201d (<\/span><i><span style=\"font-weight: 400;\">cf. Cl 3,4<\/span><\/i><span style=\"font-weight: 400;\">) \u00e9 mesmo aquela que impulsiona os d\u00edscipulos \u201ccorrerem ao encontro do mestre\u201d e, consequentemente, anunci\u00e1-Lo aos que ainda n\u00e3o o conhecem! \u201cO bem tende sempre a comunicar-se. Toda a experi\u00eancia aut\u00eantica de verdade e de beleza procura, por si mesma, a sua expans\u00e3o; e qualquer pessoa que viva uma liberta\u00e7\u00e3o profunda adquire maior sensibilidade face \u00e0s necessidades dos outros. E, uma vez comunicado, o bem radica-se e desenvolve-se. Por isso, quem deseja viver com dignidade e em plenitude, n\u00e3o tem outro caminho sen\u00e3o reconhecer o outro e buscar o seu bem. Assim, n\u00e3o nos deveriam surpreender frases de S\u00e3o Paulo como estas: \u2018O amor de Cristo nos absorve completamente\u00bb (2 Cor 5, 14); \u2018ai de mim, se eu n\u00e3o evangelizar!\u2019 (1 Cor 9, 16).<\/span><\/p>\n<p style=\"text-align: justify;\"><span style=\"font-weight: 400;\">De fato, a Alegria verdadeira se encontra em Cristo Jesus que \u00e9 o princ\u00edpio e fim de todas as coisas. No Evangelho pascal narrado por S\u00e3o Jo\u00e3o (20, 1-9), destaca-se a import\u00e2ncia que o disc\u00edpulo amado detalha o acontecimento da ressurrei\u00e7\u00e3o como sendo \u201co primeiro dia da semana\u201d. Com um pouco mais de profundidade, encontramos ainda elementos de uma verdadeira \u201ccatequese\u201d para uma Vida Feliz, plena da Alegria Pascal.<\/span><\/p>\n<p style=\"text-align: justify;\"><span style=\"font-weight: 400;\">Quando iniciamos a nossa semana, isto \u00e9, o \u201cprimeiro dia da semana\u201d, o Dia do Senhor, celebrando a Vit\u00f3ria de Cristo sobre a morte em cada Eucaristia, estamos a dar largos passos em dire\u00e7\u00e3o a Alegria que n\u00e3o passa, pois, uma semana que se inicia com Cristo \u00e9 uma semana que se inicia com a verdadeira Alegria. J\u00e1, uma semana que se inicia sem Cristo, certamente ser\u00e1 uma semana sem Alegria. <\/span><\/p>\n<p style=\"text-align: justify;\"><span style=\"font-weight: 400;\">Vemos Maria Madalena que vai ao sepulcro, \u201cde madrugada\u201d, e contemplamos a f\u00e9 de algu\u00e9m cheia de expectativas boas! Para uma Vida Feliz, \u00e9 importante a f\u00e9 expectante! Precisamos pedir a Deus a gra\u00e7a de uma f\u00e9 que nos encha de esperan\u00e7a, mas que tamb\u00e9m encha a vida das pessoas ao nosso redor de boas esperan\u00e7as. Maria Madalena provou e colheu aquilo que sua f\u00e9 a impulsionou experimentar. <\/span><\/p>\n<p style=\"text-align: justify;\"><span style=\"font-weight: 400;\">Um outro elemento para uma Vida Feliz, \u00e9 \u201ccompartilhar da Alegria do ressuscitado\u201d! Jesus deixa \u201cpistas\u201d, detalhes espec\u00edficos a cada disc\u00edpulo seu, pois sabia que cada um, com seu jeito, iria compartilhar de uma maneira muito pr\u00f3pria. Neste sentido, compartilhar a Alegria do Evangelho, \u00e9 fazer parte da Nova Evangeliza\u00e7\u00e3o, onde cada um, a partir de uma experi\u00eancia pessoal com o ressuscitado, \u00e9 capaz de anunciar. <\/span><\/p>\n<p style=\"text-align: justify;\"><span style=\"font-weight: 400;\">Maria Madalena, tem a sensibilidade, pr\u00f3pria da mulher, de se intuir e, como que antecipar, o ocorrido no sepulcro, depois vai anunciar aos demais. Jo\u00e3o, por sua vez, chega por primeiro no sepulcro, pois era o mais jovem, sana a doce curiosidade, t\u00edpica da juventude, e v\u00ea com os pr\u00f3prios olhos que ali, s\u00f3 haviam os panos, mas espera a Pedro para poder entrar e acreditar! Pedro, como chefe da Igreja, adentra ao sepulcro, tamb\u00e9m \u201cv\u00ea as faixas de linho por terra e o sud\u00e1rio que cobrira a cabe\u00e7a de Jesus\u201d (<\/span><i><span style=\"font-weight: 400;\">cf Jo 20,7<\/span><\/i><span style=\"font-weight: 400;\">); <\/span><\/p>\n<p style=\"text-align: justify;\"><span style=\"font-weight: 400;\">A cada um, Jesus permite uma experi\u00eancia muito pr\u00f3pria de sua ressurrei\u00e7\u00e3o, mas em todos estes faz brotar a Alegria que tem de ser compartilhada!<\/span><\/p>\n<p style=\"text-align: justify;\"><span style=\"font-weight: 400;\">Somos hoje chamados a fazer de nossas vidas o reflexo da P\u00e1scoa de Cristo que \u00e9 Alegria perene! Somos chamados a anunciar que verdadeiramente \u201ceste \u00e9 o dia que o Senhor fez para n\u00f3s\u201d. <\/span><\/p>\n<p style=\"text-align: justify;\"><span style=\"font-weight: 400;\">Guardemos no cora\u00e7\u00e3o esses ensinamentos do Evangelho pascal para sermos Felizes e fazermos as pessoas felizes. Consequentemente iremos contagiar este mundo pela Vida Nova que em Cristo recebemos! <\/span><\/p>\n<p style=\"text-align: justify;\"><span style=\"font-weight: 400;\">Iniciemos sempre nossa semana celebrando a P\u00e1scoa do Senhor, vivamos sempre uma f\u00e9 expectante, e compartilhemos a Alegria do Evangelho com aqueles que ainda n\u00e3o viram o Ressuscitado. Assim, certamente, experimentaremos deste \u201cDia que n\u00e3o terminar\u00e1\u201d, pois \u00e9 \u201co dia que o Senhor fez para n\u00f3s!\u201d<\/span><\/p>\n<p style=\"text-align: justify;\"><span style=\"font-weight: 400;\">Como crist\u00e3os que \u201cfazem p\u00e1scoa\u201d cantemos com a vida esse grande an\u00fancio e continuemos a nossa miss\u00e3o evangelizadora tendo como essencial o grande an\u00fancio do Mist\u00e9rio Pascal que nos impulsiona a sermos sinais de esperan\u00e7a e vida neste mundo de escurid\u00f5es. <\/span><\/p>\n<p style=\"text-align: justify;\"><span style=\"font-weight: 400;\">Santa P\u00e1scoa a todos, extensiva a seus entes queridos. Santo Dia do Senhor, o Domingo, primeiro dia da Semana. Jesus Cristo Ressuscitou verdadeiramente, aleluia, aleluia!<\/span><\/p>\n","protected":false},"excerpt":{"rendered":"<p>Estamos na P\u00e1scoa: \u201ceste \u00e9 o dia que o Senhor fez para n\u00f3s\u201d, e assim o preparou, com a Vit\u00f3ria Pascal sobre a morte, \u201cressuscitando Jesus dos mortos, ressuscitou tamb\u00e9m a humanidade das profundezas do sepulcro\u201d. Somos contagiados pela Alegria da Vida que nos leva a exultar, como ensina o salmista. A sequ\u00eancia de P\u00e1scoa [&hellip;]<\/p>\n","protected":false},"author":5,"featured_media":32777,"comment_status":"open","ping_status":"closed","sticky":false,"template":"","format":"standard","meta":{"footnotes":""},"categories":[9],"tags":[],"class_list":["post-39500","post","type-post","status-publish","format-standard","has-post-thumbnail","hentry","category-artigos"],"_links":{"self":[{"href":"https:\/\/catolicanet.net\/wp-cnet\/wp-json\/wp\/v2\/posts\/39500","targetHints":{"allow":["GET"]}}],"collection":[{"href":"https:\/\/catolicanet.net\/wp-cnet\/wp-json\/wp\/v2\/posts"}],"about":[{"href":"https:\/\/catolicanet.net\/wp-cnet\/wp-json\/wp\/v2\/types\/post"}],"author":[{"embeddable":true,"href":"https:\/\/catolicanet.net\/wp-cnet\/wp-json\/wp\/v2\/users\/5"}],"replies":[{"embeddable":true,"href":"https:\/\/catolicanet.net\/wp-cnet\/wp-json\/wp\/v2\/comments?post=39500"}],"version-history":[{"count":1,"href":"https:\/\/catolicanet.net\/wp-cnet\/wp-json\/wp\/v2\/posts\/39500\/revisions"}],"predecessor-version":[{"id":39501,"href":"https:\/\/catolicanet.net\/wp-cnet\/wp-json\/wp\/v2\/posts\/39500\/revisions\/39501"}],"wp:featuredmedia":[{"embeddable":true,"href":"https:\/\/catolicanet.net\/wp-cnet\/wp-json\/wp\/v2\/media\/32777"}],"wp:attachment":[{"href":"https:\/\/catolicanet.net\/wp-cnet\/wp-json\/wp\/v2\/media?parent=39500"}],"wp:term":[{"taxonomy":"category","embeddable":true,"href":"https:\/\/catolicanet.net\/wp-cnet\/wp-json\/wp\/v2\/categories?post=39500"},{"taxonomy":"post_tag","embeddable":true,"href":"https:\/\/catolicanet.net\/wp-cnet\/wp-json\/wp\/v2\/tags?post=39500"}],"curies":[{"name":"wp","href":"https:\/\/api.w.org\/{rel}","templated":true}]}}