{"id":3948,"date":"2014-01-15T15:22:27","date_gmt":"2014-01-15T17:22:27","guid":{"rendered":"http:\/\/catolicanet.net\/wp-cnet\/francisco-confirma-presidencia-da-cal-e-nomeia-card-baldisseri-como-conselheiro\/"},"modified":"2017-03-24T16:58:09","modified_gmt":"2017-03-24T19:58:09","slug":"francisco-confirma-presidencia-da-cal-e-nomeia-card-baldisseri-como-conselheiro","status":"publish","type":"post","link":"https:\/\/catolicanet.net\/wp-cnet\/francisco-confirma-presidencia-da-cal-e-nomeia-card-baldisseri-como-conselheiro\/","title":{"rendered":"Francisco confirma presid\u00eancia da CAL e nomeia Card. Baldisseri como Conselheiro"},"content":{"rendered":"<p style=\"text-align: justify;\"><img decoding=\"async\" src=\"http:\/\/www.catolicanet.com.br\/images\/stories\/cardbaldisseri.jpg\" border=\"0\" align=\"left\" \/>O Papa Francisco confirmou esta quarta-feira a presid\u00eancia e os membros da Pontif\u00edcia Comiss\u00e3o para a Am\u00e9rica Latina (CAL), com uma \u00fanica novidade entre os conselheiros.<\/p>\n<p>Permanecem no cargo o Presidente, o cardeal canadense Marc Ouellet (foto); o Secret\u00e1rio, o professor uruguaio Guzm\u00e1n Carriquiry; os conselheiros e os membros, entre os quais os cardeais brasileiros Cl\u00e1udio Hummes, Odilo Pedro Scherer, Raymundo Damasceno Assis, e o Arcebispo de Mariana (MG), Dom Geraldo Lyrio Rocha.<\/p>\n<p>A novidade foi a nomea\u00e7\u00e3o do rec\u00e9m-criado Cardeal Lorenzo Baldisseri, Secret\u00e1rio-Geral do S\u00ednodo dos Bispos, como Conselheiro da CAL.<\/p>\n<p>Dom Baldisseri foi N\u00fancio Apost\u00f3lico no Brasil por 10 anos.<\/p>\n<p style=\"text-align: justify;\">\u00a0<\/p>\n<p style=\"text-align: justify;\"><strong>Local: Cidade do Vaticano <br \/>Fonte: R\u00e1dio Vaticano<\/strong><\/p>\n","protected":false},"excerpt":{"rendered":"<p>O Papa Francisco confirmou esta quarta-feira a presid\u00eancia e os membros da Pontif\u00edcia Comiss\u00e3o para a Am\u00e9rica Latina (CAL), com uma \u00fanica novidade entre os conselheiros. Permanecem no cargo o Presidente, o cardeal canadense Marc Ouellet (foto); o Secret\u00e1rio, o professor uruguaio Guzm\u00e1n Carriquiry; os conselheiros e os membros, entre os quais os cardeais brasileiros [&hellip;]<\/p>\n","protected":false},"author":1,"featured_media":3947,"comment_status":"closed","ping_status":"closed","sticky":false,"template":"","format":"standard","meta":{"footnotes":""},"categories":[3],"tags":[],"class_list":["post-3948","post","type-post","status-publish","format-standard","has-post-thumbnail","hentry","category-vaticano"],"_links":{"self":[{"href":"https:\/\/catolicanet.net\/wp-cnet\/wp-json\/wp\/v2\/posts\/3948","targetHints":{"allow":["GET"]}}],"collection":[{"href":"https:\/\/catolicanet.net\/wp-cnet\/wp-json\/wp\/v2\/posts"}],"about":[{"href":"https:\/\/catolicanet.net\/wp-cnet\/wp-json\/wp\/v2\/types\/post"}],"author":[{"embeddable":true,"href":"https:\/\/catolicanet.net\/wp-cnet\/wp-json\/wp\/v2\/users\/1"}],"replies":[{"embeddable":true,"href":"https:\/\/catolicanet.net\/wp-cnet\/wp-json\/wp\/v2\/comments?post=3948"}],"version-history":[{"count":1,"href":"https:\/\/catolicanet.net\/wp-cnet\/wp-json\/wp\/v2\/posts\/3948\/revisions"}],"predecessor-version":[{"id":8160,"href":"https:\/\/catolicanet.net\/wp-cnet\/wp-json\/wp\/v2\/posts\/3948\/revisions\/8160"}],"wp:featuredmedia":[{"embeddable":true,"href":"https:\/\/catolicanet.net\/wp-cnet\/wp-json\/wp\/v2\/media\/3947"}],"wp:attachment":[{"href":"https:\/\/catolicanet.net\/wp-cnet\/wp-json\/wp\/v2\/media?parent=3948"}],"wp:term":[{"taxonomy":"category","embeddable":true,"href":"https:\/\/catolicanet.net\/wp-cnet\/wp-json\/wp\/v2\/categories?post=3948"},{"taxonomy":"post_tag","embeddable":true,"href":"https:\/\/catolicanet.net\/wp-cnet\/wp-json\/wp\/v2\/tags?post=3948"}],"curies":[{"name":"wp","href":"https:\/\/api.w.org\/{rel}","templated":true}]}}