{"id":3946,"date":"2014-01-15T15:08:13","date_gmt":"2014-01-15T17:08:13","guid":{"rendered":"http:\/\/catolicanet.net\/wp-cnet\/19-de-janeiro-o-papa-ao-encontro-dos-refugiados-e-sem-casa\/"},"modified":"2017-03-24T16:58:45","modified_gmt":"2017-03-24T19:58:45","slug":"19-de-janeiro-o-papa-ao-encontro-dos-refugiados-e-sem-casa","status":"publish","type":"post","link":"https:\/\/catolicanet.net\/wp-cnet\/19-de-janeiro-o-papa-ao-encontro-dos-refugiados-e-sem-casa\/","title":{"rendered":"19 de janeiro: o Papa ao encontro dos refugiados e sem-casa"},"content":{"rendered":"<p style=\"text-align: justify;\"><img decoding=\"async\" src=\"http:\/\/www.catolicanet.com.br\/images\/stories\/papaaoencontrodosrefugiados.jpg\" border=\"0\" align=\"left\" \/>O Papa vai se encontrar com uma centena de jovens refugiados na Bas\u00edlica do Sagrado Cora\u00e7\u00e3o, domingo, 19 de janeiro, por ocasi\u00e3o do Dia Mundial do Migrante e do Refugiado.<\/p>\n<p>Naquele domingo \u00e0 tarde, Francisco estar\u00e1 na Bas\u00edlica para uma visita de cerca de quatro horas, na qual falar\u00e1 com paroquianos, jovens refugiados e pessoas sem-teto, que revelam sentir-se nesta igreja como \u201cse estivessem em casa\u201d.<\/p>\n<p>Esta ser\u00e1 a primeira par\u00f3quia que o Papa visita no centro de Roma: uma realidade de \u201cperiferia existencial\u201d em que a Bas\u00edlica d\u00e1 escuta aos pobres e pratica um projeto que conjuga o entusiasmo da vida religiosa masculina e feminina, o vigor das fam\u00edlias e a energia dos jovens para uma presen\u00e7a mais incisiva no territ\u00f3rio.<\/p>\n<p>Cerca de 400 jovens crist\u00e3os e n\u00e3o-crist\u00e3os vivem na Bas\u00edlica \u201cnuma atmosfera de casa, n\u00e3o como um guich\u00ea ou centro de acolhida\u201d, dizem os refugiados. Eles prov\u00eam de pa\u00edses como Som\u00e1lia, Eritreia, G\u00e2mbia, Camar\u00f5es, Afeganist\u00e3o, Iraque, Ir\u00e3, Curdist\u00e3o, Congo, Costa Do Marfim, Egito, S\u00edria, Sud\u00e3o, Paquist\u00e3o, Turquia e Gana.<\/p>\n<p>Muitas pessoas sem-casa, algumas italianas, tamb\u00e9m procuram a Bas\u00edlica para se sentirem em casa e serem reconhecidos em sua dignidade, mantendo rela\u00e7\u00f5es de amizade e fraternidade. V\u00e1rios se tornaram volunt\u00e1rios, trabalham no apoio e aten\u00e7\u00e3o a outros pobres nas redondezas da Esta\u00e7\u00e3o Ferrovi\u00e1ria.<\/p>\n<p>Durante a visita, haver\u00e1 momentos de \u201cintimidade\u201d para que o Papa se sinta tamb\u00e9m \u201cem casa\u201d: uma m\u00fasica em espanhol durante a Missa, cantata pelos 80 jovens italianos que comp\u00f5em o coral, o mate oferecido depois da Missa, no encontro com as comunidades religiosas que moram na casa e na imagem colocada no presbit\u00e9rio da \u201cVirgem de Lujan\u201d, padroeira da Argentina, primeiro pa\u00eds onde Dom Bosco enviou os salesianos em miss\u00e3o.<\/p>\n<p>O Papa chegar\u00e1 \u00e0s 16h e encontrar\u00e1 os paroquianos no p\u00e1tio. Depois ir\u00e1 a uma sala com moradores de rua amigos da Bas\u00edlica. Em seguida, ter\u00e1 uma reuni\u00e3o com cerca de cem jovens refugiados e uma delega\u00e7\u00e3o de volunt\u00e1rios. Na sequ\u00eancia, cumprimentar\u00e1 as crian\u00e7as rec\u00e9m-batizadas com seus pais, os noivos e rec\u00e9m-casados e jovens fam\u00edlias. Confessar\u00e1 cinco pessoas e por volta das 18h, celebrar\u00e1 a Eucaristia. Falar\u00e1 com doentes, religiosos e religiosas e 200 jovens que frequentam a institui\u00e7\u00e3o.<\/p>\n<p style=\"text-align: justify;\">\u00a0<\/p>\n<p style=\"text-align: justify;\"><strong>Local: Cidade do Vaticano <br \/>Fonte: R\u00e1dio Vaticano<\/strong><\/p>\n","protected":false},"excerpt":{"rendered":"<p>O Papa vai se encontrar com uma centena de jovens refugiados na Bas\u00edlica do Sagrado Cora\u00e7\u00e3o, domingo, 19 de janeiro, por ocasi\u00e3o do Dia Mundial do Migrante e do Refugiado. Naquele domingo \u00e0 tarde, Francisco estar\u00e1 na Bas\u00edlica para uma visita de cerca de quatro horas, na qual falar\u00e1 com paroquianos, jovens refugiados e pessoas [&hellip;]<\/p>\n","protected":false},"author":1,"featured_media":3945,"comment_status":"closed","ping_status":"closed","sticky":false,"template":"","format":"standard","meta":{"footnotes":""},"categories":[3],"tags":[],"class_list":["post-3946","post","type-post","status-publish","format-standard","has-post-thumbnail","hentry","category-vaticano"],"_links":{"self":[{"href":"https:\/\/catolicanet.net\/wp-cnet\/wp-json\/wp\/v2\/posts\/3946","targetHints":{"allow":["GET"]}}],"collection":[{"href":"https:\/\/catolicanet.net\/wp-cnet\/wp-json\/wp\/v2\/posts"}],"about":[{"href":"https:\/\/catolicanet.net\/wp-cnet\/wp-json\/wp\/v2\/types\/post"}],"author":[{"embeddable":true,"href":"https:\/\/catolicanet.net\/wp-cnet\/wp-json\/wp\/v2\/users\/1"}],"replies":[{"embeddable":true,"href":"https:\/\/catolicanet.net\/wp-cnet\/wp-json\/wp\/v2\/comments?post=3946"}],"version-history":[{"count":1,"href":"https:\/\/catolicanet.net\/wp-cnet\/wp-json\/wp\/v2\/posts\/3946\/revisions"}],"predecessor-version":[{"id":8161,"href":"https:\/\/catolicanet.net\/wp-cnet\/wp-json\/wp\/v2\/posts\/3946\/revisions\/8161"}],"wp:featuredmedia":[{"embeddable":true,"href":"https:\/\/catolicanet.net\/wp-cnet\/wp-json\/wp\/v2\/media\/3945"}],"wp:attachment":[{"href":"https:\/\/catolicanet.net\/wp-cnet\/wp-json\/wp\/v2\/media?parent=3946"}],"wp:term":[{"taxonomy":"category","embeddable":true,"href":"https:\/\/catolicanet.net\/wp-cnet\/wp-json\/wp\/v2\/categories?post=3946"},{"taxonomy":"post_tag","embeddable":true,"href":"https:\/\/catolicanet.net\/wp-cnet\/wp-json\/wp\/v2\/tags?post=3946"}],"curies":[{"name":"wp","href":"https:\/\/api.w.org\/{rel}","templated":true}]}}