{"id":39458,"date":"2018-03-27T13:58:26","date_gmt":"2018-03-27T16:58:26","guid":{"rendered":"http:\/\/catolicanet.net\/wp-cnet\/?p=39458"},"modified":"2018-03-27T13:58:26","modified_gmt":"2018-03-27T16:58:26","slug":"no-forum-social-mundial-dom-roberto-ferreria-paz-ressalta-o-papel-da-igreja-em-defesa-da-saude-publica","status":"publish","type":"post","link":"https:\/\/catolicanet.net\/wp-cnet\/no-forum-social-mundial-dom-roberto-ferreria-paz-ressalta-o-papel-da-igreja-em-defesa-da-saude-publica\/","title":{"rendered":"No F\u00f3rum Social Mundial, Dom Roberto Ferrer\u00eda Paz ressalta o papel da Igreja em defesa da sa\u00fade p\u00fablica"},"content":{"rendered":"<p>O Bispo de Campos (RJ) e Referencial Nacional da Pastoral da Sa\u00fade da Confer\u00eancia Nacional dos Bispos do Brasil (CNBB), dom Roberto Ferrer\u00eda Paz, participou do semin\u00e1rio \u201cDireitos Sociais \u2013 Sa\u00fade, Assist\u00eancia e Previd\u00eancia Social: Essenciais ao povo brasileiro\u201d, dentro da programa\u00e7\u00e3o oficial do F\u00f3rum Social Mundial, que ocorreu em Salvador (BA), de 13 a 17 de mar\u00e7o.<\/p>\n<p>Dom Roberto falou sobre os desafios e compromissos da Igreja na garantia da sa\u00fade p\u00fablica. O semin\u00e1rio foi uma atividade do projeto Direitos Sociais e Sa\u00fade: Fortalecendo a Cidadania e a Incid\u00eancia Pol\u00edtica, do qual a Pastoral da Sa\u00fade \u00e9 co-requerente.<\/p>\n<p>A mat\u00e9ria completa esta no site da <a href=\"http:\/\/pastoraldasaudecnbb.com.br\/2018\/03\/23\/no-forum-social-mundial-dom-roberto-ferreria-paz-ressalta-o-papel-da-igreja-em-defesa-da-saude-publica\/\">Pastoral da Sa\u00fade<\/a><\/p>\n<p>&nbsp;<\/p>\n<p>Fonte: CNBB<\/p>\n","protected":false},"excerpt":{"rendered":"<p>O Bispo de Campos (RJ) e Referencial Nacional da Pastoral da Sa\u00fade da Confer\u00eancia Nacional dos Bispos do Brasil (CNBB), dom Roberto Ferrer\u00eda Paz, participou do semin\u00e1rio \u201cDireitos Sociais \u2013 Sa\u00fade, Assist\u00eancia e Previd\u00eancia Social: Essenciais ao povo brasileiro\u201d, dentro da programa\u00e7\u00e3o oficial do F\u00f3rum Social Mundial, que ocorreu em Salvador (BA), de 13 a [&hellip;]<\/p>\n","protected":false},"author":1,"featured_media":39459,"comment_status":"open","ping_status":"closed","sticky":false,"template":"","format":"standard","meta":{"footnotes":""},"categories":[7],"tags":[],"class_list":["post-39458","post","type-post","status-publish","format-standard","has-post-thumbnail","hentry","category-cnbb"],"_links":{"self":[{"href":"https:\/\/catolicanet.net\/wp-cnet\/wp-json\/wp\/v2\/posts\/39458","targetHints":{"allow":["GET"]}}],"collection":[{"href":"https:\/\/catolicanet.net\/wp-cnet\/wp-json\/wp\/v2\/posts"}],"about":[{"href":"https:\/\/catolicanet.net\/wp-cnet\/wp-json\/wp\/v2\/types\/post"}],"author":[{"embeddable":true,"href":"https:\/\/catolicanet.net\/wp-cnet\/wp-json\/wp\/v2\/users\/1"}],"replies":[{"embeddable":true,"href":"https:\/\/catolicanet.net\/wp-cnet\/wp-json\/wp\/v2\/comments?post=39458"}],"version-history":[{"count":1,"href":"https:\/\/catolicanet.net\/wp-cnet\/wp-json\/wp\/v2\/posts\/39458\/revisions"}],"predecessor-version":[{"id":39460,"href":"https:\/\/catolicanet.net\/wp-cnet\/wp-json\/wp\/v2\/posts\/39458\/revisions\/39460"}],"wp:featuredmedia":[{"embeddable":true,"href":"https:\/\/catolicanet.net\/wp-cnet\/wp-json\/wp\/v2\/media\/39459"}],"wp:attachment":[{"href":"https:\/\/catolicanet.net\/wp-cnet\/wp-json\/wp\/v2\/media?parent=39458"}],"wp:term":[{"taxonomy":"category","embeddable":true,"href":"https:\/\/catolicanet.net\/wp-cnet\/wp-json\/wp\/v2\/categories?post=39458"},{"taxonomy":"post_tag","embeddable":true,"href":"https:\/\/catolicanet.net\/wp-cnet\/wp-json\/wp\/v2\/tags?post=39458"}],"curies":[{"name":"wp","href":"https:\/\/api.w.org\/{rel}","templated":true}]}}