{"id":3944,"date":"2014-01-15T14:59:19","date_gmt":"2014-01-15T16:59:19","guid":{"rendered":"http:\/\/catolicanet.net\/wp-cnet\/catequese-sobre-o-batismo-qninguem-se-salva-sozinhoq\/"},"modified":"2017-03-24T16:59:10","modified_gmt":"2017-03-24T19:59:10","slug":"catequese-sobre-o-batismo-qninguem-se-salva-sozinhoq","status":"publish","type":"post","link":"https:\/\/catolicanet.net\/wp-cnet\/catequese-sobre-o-batismo-qninguem-se-salva-sozinhoq\/","title":{"rendered":"Catequese sobre o Batismo: &#8220;Ningu\u00e9m se salva sozinho!&#8221;"},"content":{"rendered":"<p style=\"text-align: justify;\"><img decoding=\"async\" src=\"http:\/\/www.catolicanet.com.br\/images\/stories\/papafranciscoandandosozinho.jpg\" border=\"0\" align=\"left\" \/>Nesta quarta-feira, 15, o Papa recebeu os fi\u00e9is na Pra\u00e7a S\u00e3o Pedro para a audi\u00eancia geral. Francisco prosseguiu o ciclo de reflex\u00f5es iniciado na \u00faltima semana sobre o Batismo, sublinhando que o fruto mais importante deste Sacramento \u00e9 que ele nos torna membros do Corpo de Cristo e do Povo de Deus. \u201cComo frisado no Conc\u00edlio Vaticano II, com o Batismo nos transformamos em um Povo em caminho, peregrino na hist\u00f3ria\u201d, afirmou.<\/p>\n<p><strong>\u201cAssim como a vida se transmite de gera\u00e7\u00e3o em gera\u00e7\u00e3o, a fonte batismal transmite a gra\u00e7a com a qual o Povo crist\u00e3o caminha no tempo, irrigando a terra e difundindo no mundo a b\u00ean\u00e7\u00e3o de Deus\u201d<\/strong>, disse Francisco em sua catequese.<\/p>\n<p>\u00c0s dezenas de milhares de pessoas que desafiaram o frio e se apresentaram na Pra\u00e7a para v\u00ea-lo, o Papa chamou a aten\u00e7\u00e3o para o nosso papel mission\u00e1rio, como disc\u00edpulos, durante toda a vida. <strong>&#8220;Tamb\u00e9m o Papa e os bispos devem ser disc\u00edpulos, sen\u00e3o n\u00e3o poderiam transmitir a f\u00e9&#8221;.<\/strong><\/p>\n<p>E citando o Documento final de Aparecida, lembrou que <strong>\u201ctodos os batizados e batizadas&#8230; somos chamados a viver e a transmitir a comunh\u00e3o com a Trindade, pois \u201ca evangeliza\u00e7\u00e3o \u00e9 um chamado \u00e0 participa\u00e7\u00e3o da comunh\u00e3o trinit\u00e1ria\u201d.<\/strong><\/p>\n<p>Outro aspecto da beleza de compartilhar esta experi\u00eancia de amor \u2013 explicou ainda o Papa \u2013 se encontra na viv\u00eancia comunit\u00e1ria, onde podemos ser <strong>\u201ccanais da gra\u00e7a, uns para os outros, apesar das nossas limita\u00e7\u00f5es e pecados. Ningu\u00e9m se salva sozinho\u201d<\/strong>, disse, completando:<br \/><strong><br \/>\u201cA dimens\u00e3o comunit\u00e1ria n\u00e3o \u00e9 apenas uma \u201cmoldura\u201d, mas \u00e9 uma parte integrante da vida crist\u00e3, do testemunho e da evangeliza\u00e7\u00e3o. A f\u00e9 crist\u00e3 nasce e vive na Igreja; no Batismo, as fam\u00edlias e par\u00f3quias celebram a incorpora\u00e7\u00e3o de um novo membro a Cristo e ao seu corpo, que \u00e9 a Igreja\u201d.<\/strong><\/p>\n<p>Explicando suas palavras com fatos, Francisco contou a hist\u00f3ria da comunidade crist\u00e3 no Jap\u00e3o, que no in\u00edcio do s\u00e9culo XVII foi duramente perseguida, teve muitos m\u00e1rtires, membros do clero foram expulsos do pa\u00eds e milhares de fi\u00e9is, mortos. A comunidade entrou em clandestinidade, mas manteve a sua f\u00e9 e rezava em segredo. Depois de 250 anos, os mission\u00e1rios retornaram ao Jap\u00e3o, os crist\u00e3os finalmente puderam sair das trevas e a Igreja renasceu.<\/p>\n<p>\u201cEles sobreviveram com a gra\u00e7a de seu Batismo! E porque mantiveram, em segredo, um forte esp\u00edrito comunit\u00e1rio, porque o Batismo os transformou num s\u00f3 corpo em Cristo: estavam isolados e escondidos, mas eram sempre membros da Igreja\u201d. Francisco lembrou a todos que \u201cpodemos aprender muito desta hist\u00f3ria!\u201d.<\/p>\n<p>Como sempre, o Papa saudou todos os grupos presentes. Cumprimentando os peregrinos de l\u00edngua \u00e1rabe provenientes da Jord\u00e2nia e da Terra Santa, Francisco exortou:<br \/><strong><br \/>\u201cAprendam da Igreja japonesa&#8230; as dificuldades e persegui\u00e7\u00f5es, quando vividas com confian\u00e7a e esperan\u00e7a, purificam e fortalecem a f\u00e9. Sejam verdadeiras testemunhas de Cristo e de seu evangelho, aut\u00eanticos filhos da Igreja, sempre prontos a dar raz\u00e3o de sua esperan\u00e7a, com amor e respeito\u201d.<\/strong><\/p>\n<p style=\"text-align: justify;\"><strong><br \/><\/strong><\/p>\n<p style=\"text-align: justify;\"><strong>Local: Cidade do Vaticano<br \/>Fonte: R\u00e1dio Vaticano<\/strong><\/p>\n","protected":false},"excerpt":{"rendered":"<p>Nesta quarta-feira, 15, o Papa recebeu os fi\u00e9is na Pra\u00e7a S\u00e3o Pedro para a audi\u00eancia geral. Francisco prosseguiu o ciclo de reflex\u00f5es iniciado na \u00faltima semana sobre o Batismo, sublinhando que o fruto mais importante deste Sacramento \u00e9 que ele nos torna membros do Corpo de Cristo e do Povo de Deus. \u201cComo frisado no [&hellip;]<\/p>\n","protected":false},"author":1,"featured_media":3943,"comment_status":"closed","ping_status":"closed","sticky":false,"template":"","format":"standard","meta":{"footnotes":""},"categories":[3],"tags":[],"class_list":["post-3944","post","type-post","status-publish","format-standard","has-post-thumbnail","hentry","category-vaticano"],"_links":{"self":[{"href":"https:\/\/catolicanet.net\/wp-cnet\/wp-json\/wp\/v2\/posts\/3944","targetHints":{"allow":["GET"]}}],"collection":[{"href":"https:\/\/catolicanet.net\/wp-cnet\/wp-json\/wp\/v2\/posts"}],"about":[{"href":"https:\/\/catolicanet.net\/wp-cnet\/wp-json\/wp\/v2\/types\/post"}],"author":[{"embeddable":true,"href":"https:\/\/catolicanet.net\/wp-cnet\/wp-json\/wp\/v2\/users\/1"}],"replies":[{"embeddable":true,"href":"https:\/\/catolicanet.net\/wp-cnet\/wp-json\/wp\/v2\/comments?post=3944"}],"version-history":[{"count":1,"href":"https:\/\/catolicanet.net\/wp-cnet\/wp-json\/wp\/v2\/posts\/3944\/revisions"}],"predecessor-version":[{"id":8162,"href":"https:\/\/catolicanet.net\/wp-cnet\/wp-json\/wp\/v2\/posts\/3944\/revisions\/8162"}],"wp:featuredmedia":[{"embeddable":true,"href":"https:\/\/catolicanet.net\/wp-cnet\/wp-json\/wp\/v2\/media\/3943"}],"wp:attachment":[{"href":"https:\/\/catolicanet.net\/wp-cnet\/wp-json\/wp\/v2\/media?parent=3944"}],"wp:term":[{"taxonomy":"category","embeddable":true,"href":"https:\/\/catolicanet.net\/wp-cnet\/wp-json\/wp\/v2\/categories?post=3944"},{"taxonomy":"post_tag","embeddable":true,"href":"https:\/\/catolicanet.net\/wp-cnet\/wp-json\/wp\/v2\/tags?post=3944"}],"curies":[{"name":"wp","href":"https:\/\/api.w.org\/{rel}","templated":true}]}}