{"id":39396,"date":"2018-03-26T15:44:26","date_gmt":"2018-03-26T18:44:26","guid":{"rendered":"http:\/\/catolicanet.net\/wp-cnet\/?p=39396"},"modified":"2018-03-26T15:44:26","modified_gmt":"2018-03-26T18:44:26","slug":"deus-no-rosto-dos-crucificados","status":"publish","type":"post","link":"https:\/\/catolicanet.net\/wp-cnet\/deus-no-rosto-dos-crucificados\/","title":{"rendered":"Deus no rosto dos crucificados"},"content":{"rendered":"<p>O assunto volta, no sentido da renova\u00e7\u00e3o da nossa f\u00e9, numa parada diante da liturgia da Quinta-Feira Santa, quando os sacerdotes &#8211; ministros da Igreja &#8211; ficam cingidos com uma toalha, para lavar os p\u00e9s de pessoas de suas comunidades. \u00c9 claro que pode surgir a pergunta, que vale para todos: Estamos dispostos, no exemplo de Jesus, a lavar os p\u00e9s uns dos outros, isto \u00e9, a ajudar na cruz dura e pesada de cada dia de muitos irm\u00e3os? Tamb\u00e9m temos disposi\u00e7\u00e3o interior num mundo t\u00e3o complexo e diverso quanto o nosso, no sentido de diminuir preconceitos, intoler\u00e2ncias e intransig\u00eancias para com nossos irm\u00e3os, vendo neles o rosto do Filho Amado do Pai? Que Maria ajude nosso olhar, sem nunca fugir do rosto de tantos irm\u00e3os crucificados, e neles contemplar a face terna de Deus.<\/p>\n<p>&nbsp;<\/p>\n<p>A ora\u00e7\u00e3o da Igreja, ap\u00f3s a celebra\u00e7\u00e3o da noite de Quinta-Feira Santa, quer revelar a face do nosso Deus, todo despojado, convidando-nos a envolvermos por seu amor. A salva\u00e7\u00e3o da humanidade est\u00e1 no indiz\u00edvel mist\u00e9rio do servi\u00e7o, pela disposi\u00e7\u00e3o interior de Maria, aqui, no contexto da Semana Santa, vale recordar as sete dores da Virgem Maria. Fiquemos ao seu lado, unidos na mesma f\u00e9, nas imensas dores vivenciadas pela Santa M\u00e3e de Deus. N\u00e3o s\u00e3o apenas sete, segundo retrata a arte inaudita de Michelangelo, na representa\u00e7\u00e3o do quadro da virgem dolorosa com o corpo de seu filho Jesus, ap\u00f3s a crucifix\u00e3o, morto e ensanguentado nos seus bra\u00e7os.<\/p>\n<p>&nbsp;<\/p>\n<p>Aprendamos com Dom Helder: \u201cQue eu aprenda afinal, com a paix\u00e3o de Nosso Senhor Jesus Cristo, a cobrir de v\u00e9us o acidental e ef\u00eamero, deixando em primeiro plano apenas o mist\u00e9rio da Reden\u00e7\u00e3o&#8221;. Ser\u00e1 que \u00e9 vontade de Deus a seguran\u00e7a dos crist\u00e3os instalados, vivendo de bra\u00e7os cruzados, sabendo que milh\u00f5es de seres humanos nascem s\u00f3 para sofrer? Que a liturgia da semana supracitada possa, de verdade, permear nosso imagin\u00e1rio do Sagrado, numa ardorosa busca e sempre maior da nossa intimidade com o bom Senhor, Jesus Cristo, culminando, evidentemente, na convers\u00e3o do cora\u00e7\u00e3o.<\/p>\n<p>&nbsp;<\/p>\n<p>A voz de Deus nos crucificados dos nossos dias ad\u00e9qua-se na afirma\u00e7\u00e3o do te\u00f3logo Jos\u00e9 Ant\u00f4nio Pagola: \u201cN\u00e3o podemos adorar o Crucificado e viver de costas ao sofrimento de tantos seres humanos destru\u00eddos pela fome, pelas guerras ou pela mis\u00e9ria\u201d. Somos todos convidados a refletir, de um modo consequente, do mais \u00edntimo do \u00edntimo, sobre a paix\u00e3o de Nosso Senhor Jesus Cristo: \u201cEu me entrego, Senhor, em tuas m\u00e3os, e espero pela tua salva\u00e7\u00e3o\u201d. Assim seja!<\/p>\n","protected":false},"excerpt":{"rendered":"<p>O assunto volta, no sentido da renova\u00e7\u00e3o da nossa f\u00e9, numa parada diante da liturgia da Quinta-Feira Santa, quando os sacerdotes &#8211; ministros da Igreja &#8211; ficam cingidos com uma toalha, para lavar os p\u00e9s de pessoas de suas comunidades. \u00c9 claro que pode surgir a pergunta, que vale para todos: Estamos dispostos, no exemplo [&hellip;]<\/p>\n","protected":false},"author":6,"featured_media":32779,"comment_status":"open","ping_status":"closed","sticky":false,"template":"","format":"standard","meta":{"footnotes":""},"categories":[9],"tags":[],"class_list":["post-39396","post","type-post","status-publish","format-standard","has-post-thumbnail","hentry","category-artigos"],"_links":{"self":[{"href":"https:\/\/catolicanet.net\/wp-cnet\/wp-json\/wp\/v2\/posts\/39396","targetHints":{"allow":["GET"]}}],"collection":[{"href":"https:\/\/catolicanet.net\/wp-cnet\/wp-json\/wp\/v2\/posts"}],"about":[{"href":"https:\/\/catolicanet.net\/wp-cnet\/wp-json\/wp\/v2\/types\/post"}],"author":[{"embeddable":true,"href":"https:\/\/catolicanet.net\/wp-cnet\/wp-json\/wp\/v2\/users\/6"}],"replies":[{"embeddable":true,"href":"https:\/\/catolicanet.net\/wp-cnet\/wp-json\/wp\/v2\/comments?post=39396"}],"version-history":[{"count":1,"href":"https:\/\/catolicanet.net\/wp-cnet\/wp-json\/wp\/v2\/posts\/39396\/revisions"}],"predecessor-version":[{"id":39397,"href":"https:\/\/catolicanet.net\/wp-cnet\/wp-json\/wp\/v2\/posts\/39396\/revisions\/39397"}],"wp:featuredmedia":[{"embeddable":true,"href":"https:\/\/catolicanet.net\/wp-cnet\/wp-json\/wp\/v2\/media\/32779"}],"wp:attachment":[{"href":"https:\/\/catolicanet.net\/wp-cnet\/wp-json\/wp\/v2\/media?parent=39396"}],"wp:term":[{"taxonomy":"category","embeddable":true,"href":"https:\/\/catolicanet.net\/wp-cnet\/wp-json\/wp\/v2\/categories?post=39396"},{"taxonomy":"post_tag","embeddable":true,"href":"https:\/\/catolicanet.net\/wp-cnet\/wp-json\/wp\/v2\/tags?post=39396"}],"curies":[{"name":"wp","href":"https:\/\/api.w.org\/{rel}","templated":true}]}}