{"id":39360,"date":"2018-03-23T12:03:37","date_gmt":"2018-03-23T15:03:37","guid":{"rendered":"http:\/\/catolicanet.net\/wp-cnet\/?p=39360"},"modified":"2018-03-23T12:03:37","modified_gmt":"2018-03-23T15:03:37","slug":"atentado-no-equador-papa-violencia-injustificada","status":"publish","type":"post","link":"https:\/\/catolicanet.net\/wp-cnet\/atentado-no-equador-papa-violencia-injustificada\/","title":{"rendered":"Atentado no Equador. Papa: viol\u00eancia injustificada"},"content":{"rendered":"<div class=\"article__subTitle\">O atentado de Mataje foi o quarto ataque terrorista perpetrado no norte do Equador desde 23 de janeiro passado, quando um carro-bomba destruiu a sede da Pol\u00edcia em S\u00e3o Louren\u00e7o.<\/div>\n<div class=\"title__separator\"><\/div>\n<div class=\"article__text\">\n<p><b>Cidade do Vaticano<\/b><\/p>\n<p>Tr\u00eas soldados morreram e sete ficaram feridos num atentado terrorista, em Mataje, prov\u00edncia de Esmeraldas, Equador, ap\u00f3s a explos\u00e3o de uma bomba artesanal.<\/p>\n<p>\u201cDesaprova\u00e7\u00e3o firme deste novo epis\u00f3dio de viol\u00eancia injustificada\u201d, escreve o Papa Francisco numa mensagem assinada pelo Secret\u00e1rio de Estado, Cardeal Pietro Parolin, na \u00faltima quarta-feira (21\/03).<\/p>\n<p>Segundo a Ag\u00eancia Sir, o texto foi enviado ao presidente da Confer\u00eancia Episcopal Equatoriana, Dom Eugenio Arellano, vig\u00e1rio apost\u00f3lico de Esmeraldas.<\/p>\n<p><b>Trabalhar pela conviv\u00eancia pac\u00edfica<\/b><\/p>\n<p>Na mensagem, publicada no site da Confer\u00eancia Episcopal Equatoriana, l\u00ea-se que o Papa Francisco \u201celeva a Deus suas ora\u00e7\u00f5es pelo descanso eterno das v\u00edtimas\u201d e \u201cmanifesta sua proximidade\u201d aos familiares.<\/p>\n<p>O Pont\u00edfice \u201cconvida todos a rezar e a se esfor\u00e7ar para que naquela regi\u00e3o, marcada por esses acontecimentos tristes, volte logo a conviv\u00eancia serena na paz e confian\u00e7a\u201d.<\/p>\n<p><b>Cronologia dos atentados<\/b><\/p>\n<p>O atentado de Mataje foi o quarto ataque terrorista perpetrado no norte do Equador desde 23 de janeiro passado, quando um carro-bomba destruiu a sede da Pol\u00edcia em S\u00e3o Louren\u00e7o.<\/p>\n<p>Na ocasi\u00e3o, houve trinta feridos e cerca de 40 casas foram danificadas. O governo intensificou a presen\u00e7a do Ex\u00e9rcito na \u00e1rea e declarou o narcoterrorismo um \u201cproblema nacional\u201d.<\/p>\n<p><b>Todo ataque terrorista \u00e9 um ato covarde<\/b><\/p>\n<p>Dom Arellano tamb\u00e9m condenou o ataque: \u201cA vida \u00e9 sagrada e a paz \u00e9 um dom de Deus. Todo ataque terrorista \u00e9 um ato covarde que deve ser condenado por todos\u201d.<\/p>\n<p>Segundo o presidente do episcopado equatoriano, \u00e9 importante que as For\u00e7as Armadas e o Governo protejam os cidad\u00e3os, \u201ca fim de evitar que a viol\u00eancia se torne uma constante no pa\u00eds e numa prov\u00edncia como Esmeraldas, onde sempre houve paz e tranquilidade\u201d.<\/p>\n<\/div>\n<p>Fonte: R\u00e1dio VAticano<\/p>\n","protected":false},"excerpt":{"rendered":"<p>O atentado de Mataje foi o quarto ataque terrorista perpetrado no norte do Equador desde 23 de janeiro passado, quando um carro-bomba destruiu a sede da Pol\u00edcia em S\u00e3o Louren\u00e7o. Cidade do Vaticano Tr\u00eas soldados morreram e sete ficaram feridos num atentado terrorista, em Mataje, prov\u00edncia de Esmeraldas, Equador, ap\u00f3s a explos\u00e3o de uma bomba [&hellip;]<\/p>\n","protected":false},"author":1,"featured_media":39361,"comment_status":"open","ping_status":"closed","sticky":false,"template":"","format":"standard","meta":{"footnotes":""},"categories":[3],"tags":[],"class_list":["post-39360","post","type-post","status-publish","format-standard","has-post-thumbnail","hentry","category-vaticano"],"_links":{"self":[{"href":"https:\/\/catolicanet.net\/wp-cnet\/wp-json\/wp\/v2\/posts\/39360","targetHints":{"allow":["GET"]}}],"collection":[{"href":"https:\/\/catolicanet.net\/wp-cnet\/wp-json\/wp\/v2\/posts"}],"about":[{"href":"https:\/\/catolicanet.net\/wp-cnet\/wp-json\/wp\/v2\/types\/post"}],"author":[{"embeddable":true,"href":"https:\/\/catolicanet.net\/wp-cnet\/wp-json\/wp\/v2\/users\/1"}],"replies":[{"embeddable":true,"href":"https:\/\/catolicanet.net\/wp-cnet\/wp-json\/wp\/v2\/comments?post=39360"}],"version-history":[{"count":1,"href":"https:\/\/catolicanet.net\/wp-cnet\/wp-json\/wp\/v2\/posts\/39360\/revisions"}],"predecessor-version":[{"id":39362,"href":"https:\/\/catolicanet.net\/wp-cnet\/wp-json\/wp\/v2\/posts\/39360\/revisions\/39362"}],"wp:featuredmedia":[{"embeddable":true,"href":"https:\/\/catolicanet.net\/wp-cnet\/wp-json\/wp\/v2\/media\/39361"}],"wp:attachment":[{"href":"https:\/\/catolicanet.net\/wp-cnet\/wp-json\/wp\/v2\/media?parent=39360"}],"wp:term":[{"taxonomy":"category","embeddable":true,"href":"https:\/\/catolicanet.net\/wp-cnet\/wp-json\/wp\/v2\/categories?post=39360"},{"taxonomy":"post_tag","embeddable":true,"href":"https:\/\/catolicanet.net\/wp-cnet\/wp-json\/wp\/v2\/tags?post=39360"}],"curies":[{"name":"wp","href":"https:\/\/api.w.org\/{rel}","templated":true}]}}