{"id":39346,"date":"2018-03-23T10:18:40","date_gmt":"2018-03-23T13:18:40","guid":{"rendered":"http:\/\/catolicanet.net\/wp-cnet\/?p=39346"},"modified":"2018-03-23T10:18:40","modified_gmt":"2018-03-23T13:18:40","slug":"colaboradores-na-cnbb-matriz-vivenciam-as-estacoes-da-via-sacra","status":"publish","type":"post","link":"https:\/\/catolicanet.net\/wp-cnet\/colaboradores-na-cnbb-matriz-vivenciam-as-estacoes-da-via-sacra\/","title":{"rendered":"Colaboradores na CNBB Matriz vivenciam as esta\u00e7\u00f5es da Via Sacra"},"content":{"rendered":"<p>Neste tempo da Quaresma, uma iniciativa tem marcado as manh\u00e3s de sexta-feira na Confer\u00eancia Nacional dos Bispos do Brasil (CNBB) Matriz: a medita\u00e7\u00e3o da Via-Sacra. Desde o dia 26 de fevereiro, os departamentos da entidade, cada um respons\u00e1vel por uma esta\u00e7\u00e3o, preparam com carinho e simbolismo a reflex\u00e3o dos passos da Paix\u00e3o de Cristo em sintonia com o tema da Campanha da Fraternidade 2018 \u201cFraternidade e supera\u00e7\u00e3o da viol\u00eancia\u201d.<\/p>\n<p>A cada sexta-feira, tr\u00eas esta\u00e7\u00f5es e um momento privilegiado de encontro, partilhas, medita\u00e7\u00e3o, ora\u00e7\u00e3o e prepara\u00e7\u00e3o para o ponto alto das celebra\u00e7\u00f5es crist\u00e3s: a festa da P\u00e1scoa.\u00a0E a medita\u00e7\u00e3o da Via-Sacra \u00e9, portanto, \u201ccaminho da ressurrei\u00e7\u00e3o\u201d, como ensina o subsecret\u00e1rio-ajunto geral da CNBB, padre Nequinho, lembrando das concep\u00e7\u00f5es mais antigas que consideravam apenas o trajeto rumo \u00e0 crucifica\u00e7\u00e3o, \u00e0 morte. \u201cAli n\u00e3o \u00e9 o fim\u201d, ressaltou.<\/p>\n<div id=\"attachment_166316\" class=\"wp-caption alignleft\"><a href=\"http:\/\/cnbb.net.br\/colaboradores-na-cnbb-matriz-vivenciam-as-estacoes-da-via-sacra-no-periodo-da-quaresma\/via-sacra-cnbb-matriz-01\/\"><img loading=\"lazy\" decoding=\"async\" class=\"size-medium wp-image-166316\" src=\"http:\/\/cnbb.net.br\/wp-content\/uploads\/sites\/32\/2018\/03\/Via-Sacra-CNBB-Matriz-01-300x200.jpg\" srcset=\"http:\/\/cnbb.net.br\/wp-content\/uploads\/sites\/32\/2018\/03\/Via-Sacra-CNBB-Matriz-01-300x200.jpg 300w, http:\/\/cnbb.net.br\/wp-content\/uploads\/sites\/32\/2018\/03\/Via-Sacra-CNBB-Matriz-01-768x512.jpg 768w, http:\/\/cnbb.net.br\/wp-content\/uploads\/sites\/32\/2018\/03\/Via-Sacra-CNBB-Matriz-01-1024x683.jpg 1024w\" alt=\"\" width=\"300\" height=\"200\" \/><\/a><\/p>\n<p class=\"wp-caption-text\">Via Sacra na CNBB Matriz. Foto: Assessoria de Imprensa CNBB\/Luis Lopez<\/p>\n<\/div>\n<p><strong>Testemunhos de vida<\/strong> \u2013 Supera\u00e7\u00e3o da viol\u00eancia \u00e9 a tem\u00e1tica proposta pela CNBB para o tempo quaresmal e assumida pelos\u00a0colaboradores nas reflex\u00f5es da Via-Sacra. Em cada esta\u00e7\u00e3o, com os v\u00e1rios tipos de viol\u00eancia lembrados nos textos motivacionais, s\u00e3o colocados diante da cruz ensinamentos sobre a necessidade de convers\u00e3o de vida e testemunhos relacionados \u00e0s situa\u00e7\u00f5es apresentadas.<\/p>\n<p>No dia 2 de mar\u00e7o, por exemplo, as equipes da Secretaria T\u00e9cnica, do CDI e da Imprensa ressaltaram o olhar de Maria diante da viol\u00eancia e a necessidade de apoio e cuidado com os irm\u00e3os, al\u00e9m de convidarem \u00e0 partilha a respeito das \u201cl\u00e1grimas que devem ser enxugadas\u201d.<\/p>\n<p>Segundo o Luiz Carlos da Silva, do Setor de Compras da entidade, um dos coordenadores da iniciativa, tocada pela Equipe de Liturgia, o processo da Via Sacra com os colaboradores mostrou a import\u00e2ncia de viver com intensidade o per\u00edodo da Quaresma. As \u00faltimas esta\u00e7\u00f5es da Via Sacra \u2013 a 12\u00aa e a 15\u00aa \u2013 ser\u00e3o vivenciadas no pr\u00f3ximo dia 28\/03<\/p>\n<p>&nbsp;<\/p>\n<p>Fonte: CNBB<\/p>\n","protected":false},"excerpt":{"rendered":"<p>Neste tempo da Quaresma, uma iniciativa tem marcado as manh\u00e3s de sexta-feira na Confer\u00eancia Nacional dos Bispos do Brasil (CNBB) Matriz: a medita\u00e7\u00e3o da Via-Sacra. Desde o dia 26 de fevereiro, os departamentos da entidade, cada um respons\u00e1vel por uma esta\u00e7\u00e3o, preparam com carinho e simbolismo a reflex\u00e3o dos passos da Paix\u00e3o de Cristo em [&hellip;]<\/p>\n","protected":false},"author":1,"featured_media":39348,"comment_status":"open","ping_status":"closed","sticky":false,"template":"","format":"standard","meta":{"footnotes":""},"categories":[7],"tags":[],"class_list":["post-39346","post","type-post","status-publish","format-standard","has-post-thumbnail","hentry","category-cnbb"],"_links":{"self":[{"href":"https:\/\/catolicanet.net\/wp-cnet\/wp-json\/wp\/v2\/posts\/39346","targetHints":{"allow":["GET"]}}],"collection":[{"href":"https:\/\/catolicanet.net\/wp-cnet\/wp-json\/wp\/v2\/posts"}],"about":[{"href":"https:\/\/catolicanet.net\/wp-cnet\/wp-json\/wp\/v2\/types\/post"}],"author":[{"embeddable":true,"href":"https:\/\/catolicanet.net\/wp-cnet\/wp-json\/wp\/v2\/users\/1"}],"replies":[{"embeddable":true,"href":"https:\/\/catolicanet.net\/wp-cnet\/wp-json\/wp\/v2\/comments?post=39346"}],"version-history":[{"count":1,"href":"https:\/\/catolicanet.net\/wp-cnet\/wp-json\/wp\/v2\/posts\/39346\/revisions"}],"predecessor-version":[{"id":39349,"href":"https:\/\/catolicanet.net\/wp-cnet\/wp-json\/wp\/v2\/posts\/39346\/revisions\/39349"}],"wp:featuredmedia":[{"embeddable":true,"href":"https:\/\/catolicanet.net\/wp-cnet\/wp-json\/wp\/v2\/media\/39348"}],"wp:attachment":[{"href":"https:\/\/catolicanet.net\/wp-cnet\/wp-json\/wp\/v2\/media?parent=39346"}],"wp:term":[{"taxonomy":"category","embeddable":true,"href":"https:\/\/catolicanet.net\/wp-cnet\/wp-json\/wp\/v2\/categories?post=39346"},{"taxonomy":"post_tag","embeddable":true,"href":"https:\/\/catolicanet.net\/wp-cnet\/wp-json\/wp\/v2\/tags?post=39346"}],"curies":[{"name":"wp","href":"https:\/\/api.w.org\/{rel}","templated":true}]}}