{"id":39322,"date":"2018-03-21T08:25:19","date_gmt":"2018-03-21T11:25:19","guid":{"rendered":"http:\/\/catolicanet.net\/wp-cnet\/?p=39322"},"modified":"2018-03-22T16:33:07","modified_gmt":"2018-03-22T19:33:07","slug":"papa-no-dia-internacional-da-sindrome-de-down-ninguem-pode-ser-descartado","status":"publish","type":"post","link":"https:\/\/catolicanet.net\/wp-cnet\/papa-no-dia-internacional-da-sindrome-de-down-ninguem-pode-ser-descartado\/","title":{"rendered":"Papa no Dia Internacional da S\u00edndrome de Down: ningu\u00e9m pode ser descartado"},"content":{"rendered":"<div class=\"article__subTitle\">Com uma mensagem no twitter, o Papa recordou as pessoas com S\u00edndrome de Down, no Dia Internacional a elas dedicado.<\/div>\n<div class=\"title__separator\"><\/div>\n<div class=\"article__text\">\n<p><b>Jackson Erpen e Amedeu Lomonaco &#8211; Cidade do Vaticano<\/b><\/p>\n<p>\u201cNingu\u00e9m pode ser descartado, porque todos somos vulner\u00e1veis. Cada um de n\u00f3s \u00e9 um tesouro que Deus faz crescer \u00e0 sua maneira\u201d.<\/p>\n<p>Com uma mensagem no twitter, o Papa recordou as pessoas com S\u00edndrome de Down, no Dia Internacional a elas dedicado, e que este ano tem por tema \u201cA minha contribui\u00e7\u00e3o \u00e0 sociedade\u201d.<\/p>\n<p>O objetivo da data, celebrada anualmente em 21 de mar\u00e7o, \u00e9 conscientizar as pessoas sobre a import\u00e2ncia da luta pelos direitos igualit\u00e1rios, o seu bem-estar e a inclus\u00e3o das pessoas com\u00a0<i>Down<\/i>\u00a0na sociedade<\/p>\n<p>Mas Francisco n\u00e3o limitou-se ao tweet, fazendo quest\u00e3o de encontrar um grupo de jovens e crian\u00e7as na Sala Paulo VI, antes da Audi\u00eancia Geral, abra\u00e7ando e aben\u00e7oando-os.<\/p>\n<p>Presente no encontro a Irm\u00e3 Veronica Donatello, respons\u00e1vel pelo setor de \u201cCatequese para pessoas com necessidades especiais\u201d da Confer\u00eancia Episcopal Italiana (CEI). Para ela, esta data \u00e9 importante tamb\u00e9m \u201cpara denunciar a vergonha das classes especiais\u201d.<\/p>\n<h2>Vis\u00e3o narcisista leva a considerar pessoas com necessidades especiais como \u201c\u00e0 margem\u201d<\/h2>\n<p>Em 21 de outubro de 2017, ao dirigir-se aos participantes do Congresso promovido pelo Pontif\u00edcio Conselho para a Promo\u00e7\u00e3o da Nova Evangeliza\u00e7\u00e3o, o Papa Francisco havia ressaltado que \u201cuma vis\u00e3o muitas vezes narcisista e utilitarista leva muitos, infelizmente, a considerar marginais as pessoas com defici\u00eancia, sem ver nelas a multiforme riqueza humana e espiritual\u201d.<\/p>\n<p>\u201cEst\u00e1 ainda muito acentuada na mentalidade comum\u00a0<i>uma atitude de rejei\u00e7\u00e3o desta condi\u00e7\u00e3o<\/i>, como se ela impedisse de ser feliz e de se realizar a si mesmo. Disto d\u00e1 provas a tend\u00eancia eug\u00eanica a suprimir os nascituros que apresentam alguma forma de imperfei\u00e7\u00e3o\u201d.<\/p>\n<p>\u201cNa realidade, todos conhecemos muitas pessoas que, com as suas fragilidades, at\u00e9 graves, encontraram, mesmo se com dificuldade, o caminho de uma vida boa e rica de significado. Assim como, por outro lado, conhecemos pessoas aparentemente perfeitas mas desesperadas! Contudo, \u00e9 um perigoso engano pensar que somos invulner\u00e1veis. Como dizia uma mo\u00e7a que encontrei na minha recente viagem \u00e0 Col\u00f4mbia,\u00a0<i>a vulnerabilidade faz parte da ess\u00eancia do homem<\/i>.\u201d<\/p>\n<h2>Quem cuida dos pequenos est\u00e1 do lado de Deus<\/h2>\n<p>Em 17 de mar\u00e7o, na homilia da Missa celebrada na esplanada da Igreja de S\u00e3o Pio de Pietrelcina, o Santo Padre havia afirmado que \u201cquem cuida dos pequenos est\u00e1 do lado de Deus e vence a cultura do descarte.<\/p>\n<p>Cultura que, pelo contr\u00e1rio, \u201cprivilegia os poderosos e considera in\u00fatil os pobres\u2019.<\/p>\n<p>\u201cQuem prefere os pequenos \u2013 explicou o Pont\u00edfice \u2013 proclama uma profecia de vida contra os profetas de morte de cada tempo, mesmo de hoje, que descartam as pessoas, descartam as crian\u00e7as, os idosos, porque n\u00e3o servem. Desde pequeno, nas escola, nos ensinavam a hist\u00f3ria dos espartanos\u201d.<\/p>\n<p>\u201cSempre me tocou o que nos dizia a professora \u2013 disse Francisco &#8211; \u00a0de que quando nascia uma crian\u00e7a com m\u00e1-forma\u00e7\u00e3o, a levavam para o alto de um montanha e a jogavam, para que n\u00e3o existissem crian\u00e7as assim. N\u00f3s crian\u00e7as diz\u00edamos: \u00abMas quanta crueldade!\u00bb.\u201d<\/p>\n<\/div>\n<p>Fonte: R\u00e1dio VAticano<\/p>\n","protected":false},"excerpt":{"rendered":"<p>Com uma mensagem no twitter, o Papa recordou as pessoas com S\u00edndrome de Down, no Dia Internacional a elas dedicado. Jackson Erpen e Amedeu Lomonaco &#8211; Cidade do Vaticano \u201cNingu\u00e9m pode ser descartado, porque todos somos vulner\u00e1veis. Cada um de n\u00f3s \u00e9 um tesouro que Deus faz crescer \u00e0 sua maneira\u201d. Com uma mensagem no [&hellip;]<\/p>\n","protected":false},"author":1,"featured_media":39323,"comment_status":"open","ping_status":"closed","sticky":false,"template":"","format":"standard","meta":{"footnotes":""},"categories":[13],"tags":[],"class_list":["post-39322","post","type-post","status-publish","format-standard","has-post-thumbnail","hentry","category-featured"],"_links":{"self":[{"href":"https:\/\/catolicanet.net\/wp-cnet\/wp-json\/wp\/v2\/posts\/39322","targetHints":{"allow":["GET"]}}],"collection":[{"href":"https:\/\/catolicanet.net\/wp-cnet\/wp-json\/wp\/v2\/posts"}],"about":[{"href":"https:\/\/catolicanet.net\/wp-cnet\/wp-json\/wp\/v2\/types\/post"}],"author":[{"embeddable":true,"href":"https:\/\/catolicanet.net\/wp-cnet\/wp-json\/wp\/v2\/users\/1"}],"replies":[{"embeddable":true,"href":"https:\/\/catolicanet.net\/wp-cnet\/wp-json\/wp\/v2\/comments?post=39322"}],"version-history":[{"count":1,"href":"https:\/\/catolicanet.net\/wp-cnet\/wp-json\/wp\/v2\/posts\/39322\/revisions"}],"predecessor-version":[{"id":39324,"href":"https:\/\/catolicanet.net\/wp-cnet\/wp-json\/wp\/v2\/posts\/39322\/revisions\/39324"}],"wp:featuredmedia":[{"embeddable":true,"href":"https:\/\/catolicanet.net\/wp-cnet\/wp-json\/wp\/v2\/media\/39323"}],"wp:attachment":[{"href":"https:\/\/catolicanet.net\/wp-cnet\/wp-json\/wp\/v2\/media?parent=39322"}],"wp:term":[{"taxonomy":"category","embeddable":true,"href":"https:\/\/catolicanet.net\/wp-cnet\/wp-json\/wp\/v2\/categories?post=39322"},{"taxonomy":"post_tag","embeddable":true,"href":"https:\/\/catolicanet.net\/wp-cnet\/wp-json\/wp\/v2\/tags?post=39322"}],"curies":[{"name":"wp","href":"https:\/\/api.w.org\/{rel}","templated":true}]}}