{"id":39294,"date":"2018-03-22T10:18:12","date_gmt":"2018-03-22T13:18:12","guid":{"rendered":"http:\/\/catolicanet.net\/wp-cnet\/?p=39294"},"modified":"2018-03-22T10:18:12","modified_gmt":"2018-03-22T13:18:12","slug":"diretor-de-paulo-apostolo-de-cristo-deus-colocou-no-meu-coracao-para-fazer-este-filme","status":"publish","type":"post","link":"https:\/\/catolicanet.net\/wp-cnet\/diretor-de-paulo-apostolo-de-cristo-deus-colocou-no-meu-coracao-para-fazer-este-filme\/","title":{"rendered":"Diretor de \u201cPaulo, Ap\u00f3stolo de Cristo\u201d: Deus colocou no meu cora\u00e7\u00e3o para fazer este filme"},"content":{"rendered":"<p>MADRI, 22 Mar. 18 \/ 10:00 am (<a href=\"http:\/\/www.acidigital.com\" target=\"_self\">ACI<\/a>).- Na sexta-feira, 23 de mar\u00e7o, estreia o filme \u201cPaulo, Ap\u00f3stolo de Cristo\u201d, dirigido por Andrew Hyatt, que explicou em uma entrevista ao Grupo <a href=\"http:\/\/www.acidigital.com\">ACI<\/a> porque decidiu levar ao <a href=\"http:\/\/www.acidigital.com\/cinema\/index.html\">cinema<\/a> a <a href=\"http:\/\/www.acidigital.com\/vida\/index.html\">vida<\/a> de S\u00e3o Paulo e das primeiras comunidades crist\u00e3s que sofreram persegui\u00e7\u00e3o.<\/p>\n<p>\u201cDeus colocou no meu cora\u00e7\u00e3o o desejo de contar a hist\u00f3ria de S\u00e3o Paulo, ele \u00e9 algu\u00e9m muito pr\u00f3ximo de mim\u201d, disse o jovem diretor que em 2014 levou ao cinema a vida da <a href=\"http:\/\/www.acidigital.com\/Maria\/index.html\">Virgem Maria<\/a> no filme \u201cCheia de Gra\u00e7a\u201d.<\/p>\n<p>Depois de alguns anos longe da f\u00e9 e da <a href=\"http:\/\/www.acidigital.com\/igreja\/index.html\">Igreja<\/a>, Hyatt se converteu gra\u00e7as \u00e0 mulher que mais tarde se tornou sua esposa, a atriz Johanna Repsold.<\/p>\n<p>Da admira\u00e7\u00e3o por este ap\u00f3stolo e pela sua convers\u00e3o, surgiu este filme que mostra os \u00faltimos momentos da vida de S\u00e3o Paulo, quando foi preso na pris\u00e3o Mamertina de Roma, \u00e0 espera para ser executado pelo imperador Nero.<\/p>\n<div class=\"ad_inline\">\n<div id=\"div-gpt-ad-1472661422739-0\" data-google-query-id=\"CJvivIKBgNoCFRbz4QodIOcPuA\">\n<div id=\"google_ads_iframe_\/4493921\/ACI_D_Article_1_0__container__\"><iframe loading=\"lazy\" id=\"google_ads_iframe_\/4493921\/ACI_D_Article_1_0\" title=\"3rd party ad content\" src=\"http:\/\/tpc.googlesyndication.com\/safeframe\/1-0-17\/html\/container.html\" name=\"\" width=\"300\" height=\"250\" frameborder=\"0\" marginwidth=\"0\" marginheight=\"0\" scrolling=\"no\" data-is-safeframe=\"true\" data-mce-fragment=\"1\"><\/iframe><\/div>\n<\/div>\n<\/div>\n<p>Os protagonistas do filme s\u00e3o James Faulkner, que interpreta S\u00e3o Paulo, e Jim Caviezel, como S\u00e3o Lucas.<\/p>\n<p>Diante da \u201cenorme responsabilidade\u201d de apresentar a hist\u00f3ria de S\u00e3o Paulo pela primeira vez no cinema, Andrew Hyatt assegurou ao Grupo ACI: \u201cSempre confiei que Deus me ajudaria\u201d, porque um dos maiores desafios que enfrentou foi fazer um roteiro cinematogr\u00e1fico, fiel ao relato b\u00edblico. Para isso, realizou uma profunda pesquisa hist\u00f3rica nas Escrituras e nos Atos dos Ap\u00f3stolos.<\/p>\n<p>\u201cQuer\u00edamos ter certeza de que era um filme que contasse uma hist\u00f3ria verdadeira e confi\u00e1vel ao mundo\u201d, destacou o diretor. Tamb\u00e9m disse ao Grupo ACI que pediu conselhos a \u201cv\u00e1rios <a href=\"http:\/\/www.acidigital.com\/igreja\/bispos.htm\">bispos<\/a> cat\u00f3licos, pastores protestantes e rabinos judeus\u201d a fim de que a hist\u00f3ria fosse a mais exata e fiel \u00e0 B\u00edblia poss\u00edvel.<\/p>\n<p>Segundo explicou, \u201c\u00e0s vezes o p\u00fablico fica decepcionado com os filmes sobre a B\u00edblia feitos em Hollywood, porque n\u00e3o refletem o significado da f\u00e9\u201d.<\/p>\n<p>O filme mostra as persegui\u00e7\u00f5es cru\u00e9is que as primeiras comunidades crist\u00e3s tiveram que enfrentar durante o mandato de Nero em Roma.<\/p>\n<p>\u201cEst\u00e1vamos conscientes das grandes dificuldades que os crist\u00e3os dos primeiros s\u00e9culos tiveram que enfrentar e, em alguns lugares do mundo, h\u00e1 pessoas que ainda vivem assim\u201d, assegurou Hyatt. Destacou que foi uma decis\u00e3o da equipe de dire\u00e7\u00e3o do filme dedic\u00e1-lo a todos os crist\u00e3os perseguidos.<\/p>\n<p>\u201cPaulo, Ap\u00f3stolo de Cristo\u201d \u00e9 o segundo filme religioso que este jovem diretor lan\u00e7a, depois de \u201cCheia de Gra\u00e7a\u201d. Ele afirma que tem certeza de que \u201cDeus colocar\u00e1 o pr\u00f3ximo filme diante dele\u201d.<\/p>\n<p>\u201cNeste momento, seria muito dif\u00edcil para mim fazer um filme que n\u00e3o tivesse um impacto emocional e humano t\u00e3o grande, que n\u00e3o tivesse uma mensagem para contar\u201d, assegurou Haytt ao Grupo ACI e disse ainda que \u201cPaulo, Ap\u00f3stolo de Cristo\u201d n\u00e3o \u00e9 um filme s\u00f3 para crist\u00e3os.<\/p>\n<p>\u201cEspero que quem assista encontre um bom filme, que os encoraje e inspire. E quem n\u00e3o acredita, que o ajude a fazer-se perguntas profundas que de outra maneira talvez nunca teria se questionado\u201d, sublinhou o jovem diretor.<\/p>\n<p>&nbsp;<\/p>\n<p>Fonte: Acidigital<\/p>\n","protected":false},"excerpt":{"rendered":"<p>MADRI, 22 Mar. 18 \/ 10:00 am (ACI).- Na sexta-feira, 23 de mar\u00e7o, estreia o filme \u201cPaulo, Ap\u00f3stolo de Cristo\u201d, dirigido por Andrew Hyatt, que explicou em uma entrevista ao Grupo ACI porque decidiu levar ao cinema a vida de S\u00e3o Paulo e das primeiras comunidades crist\u00e3s que sofreram persegui\u00e7\u00e3o. \u201cDeus colocou no meu cora\u00e7\u00e3o [&hellip;]<\/p>\n","protected":false},"author":1,"featured_media":39295,"comment_status":"open","ping_status":"closed","sticky":false,"template":"","format":"standard","meta":{"footnotes":""},"categories":[4],"tags":[],"class_list":["post-39294","post","type-post","status-publish","format-standard","has-post-thumbnail","hentry","category-cotidiano"],"_links":{"self":[{"href":"https:\/\/catolicanet.net\/wp-cnet\/wp-json\/wp\/v2\/posts\/39294","targetHints":{"allow":["GET"]}}],"collection":[{"href":"https:\/\/catolicanet.net\/wp-cnet\/wp-json\/wp\/v2\/posts"}],"about":[{"href":"https:\/\/catolicanet.net\/wp-cnet\/wp-json\/wp\/v2\/types\/post"}],"author":[{"embeddable":true,"href":"https:\/\/catolicanet.net\/wp-cnet\/wp-json\/wp\/v2\/users\/1"}],"replies":[{"embeddable":true,"href":"https:\/\/catolicanet.net\/wp-cnet\/wp-json\/wp\/v2\/comments?post=39294"}],"version-history":[{"count":1,"href":"https:\/\/catolicanet.net\/wp-cnet\/wp-json\/wp\/v2\/posts\/39294\/revisions"}],"predecessor-version":[{"id":39296,"href":"https:\/\/catolicanet.net\/wp-cnet\/wp-json\/wp\/v2\/posts\/39294\/revisions\/39296"}],"wp:featuredmedia":[{"embeddable":true,"href":"https:\/\/catolicanet.net\/wp-cnet\/wp-json\/wp\/v2\/media\/39295"}],"wp:attachment":[{"href":"https:\/\/catolicanet.net\/wp-cnet\/wp-json\/wp\/v2\/media?parent=39294"}],"wp:term":[{"taxonomy":"category","embeddable":true,"href":"https:\/\/catolicanet.net\/wp-cnet\/wp-json\/wp\/v2\/categories?post=39294"},{"taxonomy":"post_tag","embeddable":true,"href":"https:\/\/catolicanet.net\/wp-cnet\/wp-json\/wp\/v2\/tags?post=39294"}],"curies":[{"name":"wp","href":"https:\/\/api.w.org\/{rel}","templated":true}]}}