{"id":39287,"date":"2018-03-21T09:47:42","date_gmt":"2018-03-21T12:47:42","guid":{"rendered":"http:\/\/catolicanet.net\/wp-cnet\/?p=39287"},"modified":"2018-03-22T10:00:24","modified_gmt":"2018-03-22T13:00:24","slug":"eleito-o-administrador-diocesano-da-diocese-de-ipameri-go","status":"publish","type":"post","link":"https:\/\/catolicanet.net\/wp-cnet\/eleito-o-administrador-diocesano-da-diocese-de-ipameri-go\/","title":{"rendered":"Eleito o Administrador Diocesano da Diocese de Ipameri (GO)"},"content":{"rendered":"<p>Na manh\u00e3 desta quarta-feira, 21 de mar\u00e7o, os sacerdotes que comp\u00f5em o Col\u00e9gio de Consultores da Diocese do Divino Esp\u00edrito Santo, de Ipameri, se reuniram e elegeram padre Orcalino Lopes da Silva como Administrador Diocesano da Diocese de Ipameri (GO).<\/p>\n<p>Confira a <a href=\"http:\/\/cnbbco.com\/dioceses\/diocese-de-ipameri\/item\/935-padre-orcalino-lopes-da-silva-e-eleito-administrador-diocesano-de-ipameri#.WrLDGGrwbIU\">not\u00edcia na \u00edntegra<\/a>.<\/p>\n<p>&nbsp;<\/p>\n<p>Fonte: CNBB<\/p>\n","protected":false},"excerpt":{"rendered":"<p>Na manh\u00e3 desta quarta-feira, 21 de mar\u00e7o, os sacerdotes que comp\u00f5em o Col\u00e9gio de Consultores da Diocese do Divino Esp\u00edrito Santo, de Ipameri, se reuniram e elegeram padre Orcalino Lopes da Silva como Administrador Diocesano da Diocese de Ipameri (GO). Confira a not\u00edcia na \u00edntegra. &nbsp; Fonte: CNBB<\/p>\n","protected":false},"author":1,"featured_media":39288,"comment_status":"open","ping_status":"closed","sticky":false,"template":"","format":"standard","meta":{"footnotes":""},"categories":[7],"tags":[],"class_list":["post-39287","post","type-post","status-publish","format-standard","has-post-thumbnail","hentry","category-cnbb"],"_links":{"self":[{"href":"https:\/\/catolicanet.net\/wp-cnet\/wp-json\/wp\/v2\/posts\/39287","targetHints":{"allow":["GET"]}}],"collection":[{"href":"https:\/\/catolicanet.net\/wp-cnet\/wp-json\/wp\/v2\/posts"}],"about":[{"href":"https:\/\/catolicanet.net\/wp-cnet\/wp-json\/wp\/v2\/types\/post"}],"author":[{"embeddable":true,"href":"https:\/\/catolicanet.net\/wp-cnet\/wp-json\/wp\/v2\/users\/1"}],"replies":[{"embeddable":true,"href":"https:\/\/catolicanet.net\/wp-cnet\/wp-json\/wp\/v2\/comments?post=39287"}],"version-history":[{"count":1,"href":"https:\/\/catolicanet.net\/wp-cnet\/wp-json\/wp\/v2\/posts\/39287\/revisions"}],"predecessor-version":[{"id":39289,"href":"https:\/\/catolicanet.net\/wp-cnet\/wp-json\/wp\/v2\/posts\/39287\/revisions\/39289"}],"wp:featuredmedia":[{"embeddable":true,"href":"https:\/\/catolicanet.net\/wp-cnet\/wp-json\/wp\/v2\/media\/39288"}],"wp:attachment":[{"href":"https:\/\/catolicanet.net\/wp-cnet\/wp-json\/wp\/v2\/media?parent=39287"}],"wp:term":[{"taxonomy":"category","embeddable":true,"href":"https:\/\/catolicanet.net\/wp-cnet\/wp-json\/wp\/v2\/categories?post=39287"},{"taxonomy":"post_tag","embeddable":true,"href":"https:\/\/catolicanet.net\/wp-cnet\/wp-json\/wp\/v2\/tags?post=39287"}],"curies":[{"name":"wp","href":"https:\/\/api.w.org\/{rel}","templated":true}]}}