{"id":39273,"date":"2018-03-22T08:55:54","date_gmt":"2018-03-22T11:55:54","guid":{"rendered":"http:\/\/catolicanet.net\/wp-cnet\/?p=39273"},"modified":"2018-03-22T08:55:54","modified_gmt":"2018-03-22T11:55:54","slug":"regional-nordeste-5-promove-formacao-missionaria-nacional","status":"publish","type":"post","link":"https:\/\/catolicanet.net\/wp-cnet\/regional-nordeste-5-promove-formacao-missionaria-nacional\/","title":{"rendered":"Regional Nordeste 5 promove forma\u00e7\u00e3o mission\u00e1ria nacional"},"content":{"rendered":"<p>A 10\u00ba Forma\u00e7\u00e3o Mission\u00e1ria de Seminaristas (Formise) Nacional e Nordeste, a realizar-se nos dias 01 a 05 de julho em S\u00e3o Lu\u00eds (MA), ter\u00e1 como tema \u201cA alegria do Evangelho, an\u00fancio, comunh\u00e3o e miss\u00e3o\u201d, e o lema \u201cArdia nossos cora\u00e7\u00f5es quando Ele nos explicava as escrituras pelo caminho\u201d (Lc 24,32).\u00a0O encontro tem como objetivo intensificar a forma\u00e7\u00e3o mission\u00e1ria dos seminaristas em vista de uma Igreja em sa\u00edda na perspectiva da miss\u00e3o universal. Destina-se a seminaristas de teologia e filosofia, diocesanos e religiosos. A programa\u00e7\u00e3o inclui exposi\u00e7\u00e3o e debates do tema, grupos de estudo, plen\u00e1rio e testemunhos mission\u00e1rios de seminaristas.<\/p>\n<p>Confira a <a href=\"http:\/\/www.pom.org.br\/10o-formise-nacional-e-nordeste\/\">not\u00edcia na \u00edntegra.<\/a><\/p>\n<p>&nbsp;<\/p>\n<p>Fonte: CNBB<\/p>\n","protected":false},"excerpt":{"rendered":"<p>A 10\u00ba Forma\u00e7\u00e3o Mission\u00e1ria de Seminaristas (Formise) Nacional e Nordeste, a realizar-se nos dias 01 a 05 de julho em S\u00e3o Lu\u00eds (MA), ter\u00e1 como tema \u201cA alegria do Evangelho, an\u00fancio, comunh\u00e3o e miss\u00e3o\u201d, e o lema \u201cArdia nossos cora\u00e7\u00f5es quando Ele nos explicava as escrituras pelo caminho\u201d (Lc 24,32).\u00a0O encontro tem como objetivo intensificar [&hellip;]<\/p>\n","protected":false},"author":1,"featured_media":39274,"comment_status":"open","ping_status":"closed","sticky":false,"template":"","format":"standard","meta":{"footnotes":""},"categories":[7],"tags":[],"class_list":["post-39273","post","type-post","status-publish","format-standard","has-post-thumbnail","hentry","category-cnbb"],"_links":{"self":[{"href":"https:\/\/catolicanet.net\/wp-cnet\/wp-json\/wp\/v2\/posts\/39273","targetHints":{"allow":["GET"]}}],"collection":[{"href":"https:\/\/catolicanet.net\/wp-cnet\/wp-json\/wp\/v2\/posts"}],"about":[{"href":"https:\/\/catolicanet.net\/wp-cnet\/wp-json\/wp\/v2\/types\/post"}],"author":[{"embeddable":true,"href":"https:\/\/catolicanet.net\/wp-cnet\/wp-json\/wp\/v2\/users\/1"}],"replies":[{"embeddable":true,"href":"https:\/\/catolicanet.net\/wp-cnet\/wp-json\/wp\/v2\/comments?post=39273"}],"version-history":[{"count":1,"href":"https:\/\/catolicanet.net\/wp-cnet\/wp-json\/wp\/v2\/posts\/39273\/revisions"}],"predecessor-version":[{"id":39275,"href":"https:\/\/catolicanet.net\/wp-cnet\/wp-json\/wp\/v2\/posts\/39273\/revisions\/39275"}],"wp:featuredmedia":[{"embeddable":true,"href":"https:\/\/catolicanet.net\/wp-cnet\/wp-json\/wp\/v2\/media\/39274"}],"wp:attachment":[{"href":"https:\/\/catolicanet.net\/wp-cnet\/wp-json\/wp\/v2\/media?parent=39273"}],"wp:term":[{"taxonomy":"category","embeddable":true,"href":"https:\/\/catolicanet.net\/wp-cnet\/wp-json\/wp\/v2\/categories?post=39273"},{"taxonomy":"post_tag","embeddable":true,"href":"https:\/\/catolicanet.net\/wp-cnet\/wp-json\/wp\/v2\/tags?post=39273"}],"curies":[{"name":"wp","href":"https:\/\/api.w.org\/{rel}","templated":true}]}}