{"id":39271,"date":"2018-03-23T08:15:54","date_gmt":"2018-03-23T11:15:54","guid":{"rendered":"http:\/\/catolicanet.net\/wp-cnet\/?p=39271"},"modified":"2018-03-22T08:40:58","modified_gmt":"2018-03-22T11:40:58","slug":"a-jornada-dos-jovens-no-domingo-de-ramos","status":"publish","type":"post","link":"https:\/\/catolicanet.net\/wp-cnet\/a-jornada-dos-jovens-no-domingo-de-ramos\/","title":{"rendered":"A Jornada dos jovens no Domingo de Ramos"},"content":{"rendered":"<p>&nbsp;<\/p>\n<p>Acontece em Roma, no Col\u00e9gio Internacional Maria, Mater Ecclesiae, a reuni\u00e3o pr\u00e9-sinodal presidida pelo Papa Francisco destinada a escutar (voz, sensibilidade, f\u00e9, d\u00favidas, questionamentos) os jovens convidados de todas as partes do mundo, cat\u00f3licos ou n\u00e3o, crist\u00e3os ou n\u00e3o. Desde o dia de S\u00e3o Jos\u00e9 (19) at\u00e9 o s\u00e1bado antes do Domingo de Ramos (24) est\u00e3o tendo oportunidade de contribuir com o pr\u00f3ximo S\u00ednodo dos Bispos (a quem as conclus\u00f5es ser\u00e3o transmitidas) que tem como tema: \u201cOs jovens, a f\u00e9 e o discernimento vocacional\u201d. Al\u00e9m das contribui\u00e7\u00f5es presenciais com seus testemunhos, perguntas, confer\u00eancias e grupos de estudos os outros jovens do mundo podem contribuir atrav\u00e9s do sistema online de participa\u00e7\u00e3o via internet.<\/p>\n<p>Sempre no Domingo de Ramos os jovens participam na Pra\u00e7a de S\u00e3o Pedro no Vaticano da Jornada Mundial da Juventude. Neste ano ser\u00e3o esses jovens dessa reuni\u00e3o pr\u00e9-sinodal que ter\u00e3o essa oportunidade. A cada ano o Papa envia ao mundo o tema da jornada. A cada tr\u00eas (3) anos (aproximadamente) acontece a Jornada Mundial da Juventude em uma outra data com convoca\u00e7\u00e3o mundial e n\u00e3o apenas em n\u00edvel diocesano como ocorre no domingo de Ramos.<\/p>\n<p>Este ano estamos vivendo a 33\u00aa Jornada Mundial da Juventude que foi criada por especial desejo do saudoso Papa S\u00e3o Jo\u00e3o Paulo II e o tema deste ano \u00e9 \u201cN\u00e3o temas, Maria, pois achaste gra\u00e7a diante de Deus\u201d, escolhido pelo nosso querido Papa Francisco.<\/p>\n<p>O Santo Padre, ao tomar essa passagem de Lucas 1,30, tem em mente propor a jovem Maria como modelo \u00e0 juventude em geral, com um especial destaque \u00e0queles e \u00e0quelas que buscam sua santa voca\u00e7\u00e3o ou passam pelas dificuldades, ora mais ora menos penosas, que o cotidiano da vida nos imp\u00f5em. Esse medo \u00e9 normal ou natural, mas o Senhor Jesus est\u00e1 do nosso lado e ainda nos oferece duas ajudas importantes: a Virgem Maria, foco principal da Mensagem do Papa neste ano, e a Igreja, que al\u00e9m dos sete sacramentos \u2013 embora nem todos recebamos cada um deles \u2013 oferece ministros dignos e s\u00e9rios para ajudar a juventude em suas escolhas e discernimentos.<\/p>\n<p>Reflitamos sobre alguns dos pontos principais da mensagem do Santo Padre. Essa palavra que o Papa dirige a voc\u00ea, jovem, neste ano de 2018, prepara o S\u00ednodo dos Bispos sobre os Jovens, bem como a Jornada Mundial da Juventude, a se realizar no pr\u00f3ximo ano no Panam\u00e1. \u00c9 importante que voc\u00ea reze e se empenhe para ambos os eventos que h\u00e3o de ser marcantes na hist\u00f3ria da Igreja, da Humanidade inteira e da vida pessoal de cada um(a) que est\u00e1 na bela e desafiadora fase cronol\u00f3gica denominada \u201cjuventude\u201d.<\/p>\n<p>O primeiro ponto da Mensagem do Papa Francisco, \u201cN\u00e3o temas, Maria, pois achaste gra\u00e7a diante de Deus, \u00e9 o \u201c<strong><em>n\u00e3o temas<\/em>!<\/strong>\u201d, parte mais longa da reflex\u00e3o. Diz ele que a sauda\u00e7\u00e3o do Anjo Gabriel causou, com raz\u00e3o, espanto em Maria e, por isso, em nome de Deus, o pr\u00f3prio Anjo a tranquiliza. Afinal, Deus, a quem o Anjo representa, sabe das nossas dificuldades. Da\u00ed propor o Papa a seguinte fala: \u201cE v\u00f3s, jovens, quais s\u00e3o os\u00a0<em>medos<\/em>\u00a0que tendes? Que \u00e9 que vos preocupa mais profundamente? Um medo \u2018de fundo\u2019, que existe em muitos de v\u00f3s, \u00e9 o de n\u00e3o ser amados, bem-queridos, de n\u00e3o ser aceitos por aquilo que sois. Hoje, h\u00e1 muitos jovens que, na tentativa de se adequar a padr\u00f5es frequentemente artificiais e inating\u00edveis, t\u00eam a sensa\u00e7\u00e3o de dever ser diferentes daquilo que s\u00e3o na realidade. Fazem cont\u00ednuos \u2018foto-retoques\u2019 das imagens pr\u00f3prias, escondendo-se por tr\u00e1s de m\u00e1scaras e identidades falsas, at\u00e9 chegarem quase a tornar-se eles mesmos um \u2018<em>fake<\/em>\u2019, um falso. Muitos t\u00eam a obsess\u00e3o de receber o maior n\u00famero poss\u00edvel de aprecia\u00e7\u00f5es \u2018gosto\u2019. E daqui, desta sensa\u00e7\u00e3o de desajustamento, surgem muitos medos e incertezas. Outros temem n\u00e3o conseguir encontrar uma seguran\u00e7a afetiva e ficar sozinhos. Em muitos, \u00e0 vista da precariedade do trabalho, entra o medo de n\u00e3o conseguirem encontrar uma conveniente afirma\u00e7\u00e3o profissional, de n\u00e3o verem realizados os seus sonhos. Trata-se de medos atualmente muito presentes em in\u00fameros jovens, tanto crentes como n\u00e3o-crentes. E mesmo aqueles que acolheram o dom da f\u00e9 e procuram seriamente a sua voca\u00e7\u00e3o, por certo n\u00e3o est\u00e3o isentos de medos. Alguns pensam: talvez Deus me pe\u00e7a ou vir\u00e1 a pedir demais; talvez, ao percorrer a estrada que Ele me aponta, n\u00e3o seja verdadeiramente feliz, ou n\u00e3o esteja \u00e0 altura do que me pede. Outros interrogam-se: Se seguir o caminho que Deus me indica, quem me garante que conseguirei percorr\u00ea-lo at\u00e9 ao fim? Desanimarei? Perderei o entusiasmo? Serei capaz de perseverar a vida inteira?\u201d.<\/p>\n<p>S\u00e3o medos e quest\u00f5es comuns a todos os seres humanos, mas \u00e9 preciso conhec\u00ea-los, nome\u00e1-los e enfrent\u00e1-los, sempre confiante na bondade divina. Nunca se entregar ao medo, de modo algum. \u00c9 preciso f\u00e9 (cf. Mc 4,40). \u201cDe modo particular \u2013 continua o Papa \u2013 para n\u00f3s, crist\u00e3os, o medo nunca deve ter a \u00faltima palavra, mas ser ocasi\u00e3o para realizar um ato de f\u00e9 em Deus&#8230; e tamb\u00e9m na vida. Isto significa acreditar na bondade fundamental da exist\u00eancia que Deus nos deu, confiar que Ele conduz a um fim bom mesmo atrav\u00e9s de circunst\u00e2ncias e vicissitudes muitas vezes misteriosas para n\u00f3s. Se, em vez disso, alimentarmos os medos, tenderemos a fechar-nos em n\u00f3s pr\u00f3prios, a barricar-nos para nos defendermos de tudo e de todos, ficando como que paralisados. \u00c9 preciso reagir! Nunca fechar-se! Na Sagrada Escritura, encontramos 365 vezes a express\u00e3o \u2018n\u00e3o temer\u2019, nas suas m\u00faltiplas varia\u00e7\u00f5es, como se dissesse que o Senhor nos quer livres do medo todos os dias do ano\u201d. Confiemos!<\/p>\n<p>A quem se sente chamado por Deus para uma vida de total entrega ao Senhor, no sacramento da Ordem, do Matrim\u00f4nio ou na Consagra\u00e7\u00e3o de vida, religiosa ou leiga, o Papa fala da import\u00e2ncia da abertura \u00e0 voz do Senhor, \u00e0 semelhan\u00e7a do que ocorre no primeiro livro de Samuel: \u201cO jovem Samuel, quando ouve a voz do Senhor, n\u00e3o a reconhece imediatamente e tr\u00eas vezes foi ter com Eli, o sacerdote idoso, que acaba por lhe sugerir a resposta certa a dar \u00e0 chamada do Senhor: \u2018Se fores chamado outra vez, responde: \u2018Fala, Senhor; o teu servo escuta\u2019 (<em>1 Sm<\/em>\u00a03, 9). Nas vossas d\u00favidas, sabei que podeis contar com a Igreja. Sei que h\u00e1 bons sacerdotes, consagrados e consagradas, fi\u00e9is-leigos \u2013 muitos deles tamb\u00e9m jovens \u2013, que vos podem acompanhar como irm\u00e3os e irm\u00e3s mais velhos na f\u00e9; animados pelo Esp\u00edrito Santo, ser\u00e3o capazes de vos ajudar a decifrar as vossas d\u00favidas e a ler o des\u00edgnio da vossa voca\u00e7\u00e3o pessoal. O \u2018outro\u2019 \u00e9 n\u00e3o apenas o guia espiritual, mas tamb\u00e9m quem nos ajuda a abrir-nos a todas as riquezas infinitas da exist\u00eancia que Deus nos deu. \u00c9 necess\u00e1rio abrir espa\u00e7os nas nossas cidades e comunidades para crescer, sonhar, perscrutar novos horizontes! Nunca percais o prazer de gozar do encontro, da amizade, o prazer de sonhar juntos, de caminhar com os outros\u201d. Importa, no contexto da aut\u00eantica vida crist\u00e3, nunca deixar de lado o sil\u00eancio e a ora\u00e7\u00e3o, a leitura e a medita\u00e7\u00e3o da B\u00edblia e os sacramentos da Reconcilia\u00e7\u00e3o e da Eucaristia.<\/p>\n<p>Nenhum(a) jovem pode, de acordo com o Santo Padre, se fechar em seu pr\u00f3prio mundo: \u201cN\u00e3o deixeis, queridos jovens, que os fulgores da juventude se apaguem na escurid\u00e3o duma sala fechada, onde a \u00fanica janela para olhar o mundo seja a do computador e do\u00a0<em>smartphone<\/em>. Abri de par em par as portas da vossa vida! Os vossos espa\u00e7os e tempos sejam habitados por pessoas concretas, rela\u00e7\u00f5es profundas, que vos deem a possibilidade de compartilhar experi\u00eancias aut\u00eanticas e reais no vosso dia a dia\u201d.<\/p>\n<p>O segundo ponto da fala do Papa \u00e9 <strong><em>Maria<\/em><\/strong>: \u201c\u2018Eu te chamei pelo teu nome\u2019 (<em>Is<\/em>\u00a043, 1)\u00a0[&#8230;]. Quando chama pelo nome uma pessoa, Deus revela-lhe ao mesmo tempo a sua\u00a0<em>voca\u00e7\u00e3o<\/em>, o seu projeto de santidade e de bem pelo qual essa pessoa ser\u00e1 um dom para os outros e se tornar\u00e1 \u00fanica. E mesmo quando o Senhor quer ampliar os horizontes duma vida, decide dar \u00e0 pessoa chamada um\u00a0<em>novo nome<\/em>, como faz com Sim\u00e3o, chamando-o \u2018Pedro\u2019 [&#8230;]. Assim, queridos jovens, ser chamados pelo nome \u00e9 um sinal da nossa grande dignidade aos olhos de Deus, da sua predile\u00e7\u00e3o por n\u00f3s. E Deus chama cada um de v\u00f3s pelo nome. V\u00f3s sois\u00a0<em>o \u2018tu\u2019 de Deus<\/em>, preciosos a seus olhos, dignos de estima e amados (cf.\u00a0<em>Is<\/em>\u00a043, 4). Acolhei com alegria este di\u00e1logo que Deus vos prop\u00f5e, este apelo que vos dirige, chamando-vos pelo nome\u201d. Coragem, Deus o (a) conhece pelo nome e o (a) ama como ningu\u00e9m.<\/p>\n<p>\u201c<strong><em>Achaste gra\u00e7a diante de Deus<\/em><\/strong>\u201d, \u00e9 o terceiro ponto da fala do Santo Padre: \u201cA presen\u00e7a cont\u00ednua da gra\u00e7a divina encoraja-nos a abra\u00e7ar, com confian\u00e7a, a nossa voca\u00e7\u00e3o, que exige um compromisso de fidelidade que se deve renovar todos os dias. Com efeito, a senda da voca\u00e7\u00e3o n\u00e3o est\u00e1 desprovida de cruzes: n\u00e3o s\u00f3 as d\u00favidas iniciais, mas tamb\u00e9m as tenta\u00e7\u00f5es frequentes que se encontram ao longo do caminho. O sentimento de inadequa\u00e7\u00e3o acompanha o disc\u00edpulo de Cristo at\u00e9 ao fim, mas ele sabe que \u00e9 assistido pela gra\u00e7a de Deus. A gra\u00e7a (<em>ch\u00e1ris<\/em>, em grego) \u00e9 o dom gratuito criado por Deus para nos fortalecer em cada momento da nossa vida.<\/p>\n<p>\u201cCoragem no presente\u201d, sem a coragem fruto da gra\u00e7a divina em n\u00f3s, nada se faz de bom e duradouro neste mundo. Quem tem coragem se lan\u00e7a ao servi\u00e7o do(a) outro(a) como Maria disposta a servir Isabel: \u201c\u00c0 jovem Maria foi confiada uma tarefa importante, precisamente porque era jovem. V\u00f3s, jovens, tendes for\u00e7a, atravessais uma fase da vida em que certamente n\u00e3o faltam as energias. Usai essa for\u00e7a e essas energias para melhorar o mundo, come\u00e7ando pelas realidades mais pr\u00f3ximas de v\u00f3s. Desejo que, na Igreja, vos sejam confiadas responsabilidades importantes, que se tenha a coragem de vos deixar espa\u00e7o; e v\u00f3s, preparai-vos para assumir estas responsabilidades\u201d.<\/p>\n<p>Mais: \u201cConvido-vos ainda a contemplar o amor de Maria: um amor sol\u00edcito, din\u00e2mico, concreto. Um amor cheio de aud\u00e1cia e todo projetado para o dom de Si mesma. Uma Igreja impregnada por estas qualidades marianas ser\u00e1 sempre uma Igreja em sa\u00edda, que ultrapassa os seus limites e confins para fazer transbordar a gra\u00e7a recebida. Se nos deixarmos contagiar pelo exemplo de Maria, viveremos concretamente aquela caridade que nos impele a amar a Deus acima de tudo e de n\u00f3s mesmos, a amar as pessoas com quem partilhamos a vida di\u00e1ria. E amaremos inclusive quem nos poderia parecer, por si mesmo, pouco am\u00e1vel. \u00c9 um amor que se torna servi\u00e7o e dedica\u00e7\u00e3o, sobretudo pelos mais fracos e os mais pobres, que transforma os nossos rostos e nos enche de alegria\u201d.<\/p>\n<p>Para concluir, quero recordar as palavras do Santo Padre: \u201cSabei que o Papa confia em v\u00f3s, que a Igreja confia em v\u00f3s! E v\u00f3s, confiai na Igreja!\u201d. Com a devida v\u00eania, fa\u00e7o minhas as palavras do Papa voltada \u00e0 nossa realidade diocesana: Sabei que o seu Bispo confia em cada um de voc\u00eas, esta Igreja particular do Rio de Janeiro confia em voc\u00eas e quer, sem medir esfor\u00e7os, ajud\u00e1-lo(la) a caminhar com f\u00e9, esperan\u00e7a e amor, sendo o diferencial na conturbada sociedade de nossos dias e sendo uma diferen\u00e7a positiva na vida de muitos irm\u00e3os e irm\u00e3s.<\/p>\n<p>Participe do momento arquidiocesano!\u00a0 Aqui em nossa Arquidiocese celebramos a jornada da juventude no <strong>s\u00e1bado<\/strong> que antecede ao Domingo de Ramos. Assim facilitamos a participa\u00e7\u00e3o dos jovens em suas par\u00f3quias para animar a juventude a refletir sobre a mensagem do Papa para essa ocasi\u00e3o. Neste ano n\u00f3s iniciaremos o evento as 13 horas deste s\u00e1bado dia 24 de mar\u00e7o, junto \u00e0 Esta\u00e7\u00e3o Est\u00e1cio do Metr\u00f4. As 15 horas daremos a b\u00ean\u00e7\u00e3os dos Ramos e iniciaremos a prociss\u00e3o at\u00e9 a Matriz de S\u00e3o Francisco Xavier onde teremos a Missa do Domingo de Ramos com a juventude reunida. Todas as express\u00f5es jovens s\u00e3o convidadas para participarem desse momento arquidiocesano e, assim, unidos, continuarmos nossa miss\u00e3o de ser sal da terra e luz do mundo como igreja em sa\u00edda que anuncia o Reino e se torna construtores da cultura da paz superando a viol\u00eancia e construindo um mundo de irm\u00e3os. N\u00e3o tenhamos medo, a gra\u00e7a de Deus faz maravilhas em n\u00f3s e atrav\u00e9s de n\u00f3s como fez em Maria.<\/p>\n<p>Com o cora\u00e7\u00e3o aberto aben\u00e7oo a todos e, ao faz\u00ea-lo, estendo esse mesmo afeto paterno e fraterno a quantos lhe s\u00e3o queridos(as). Deus, por intercess\u00e3o da Virgem Maria, o (a) proteja e guarde, hoje e sempre. Am\u00e9m.<\/p>\n","protected":false},"excerpt":{"rendered":"<p>&nbsp; Acontece em Roma, no Col\u00e9gio Internacional Maria, Mater Ecclesiae, a reuni\u00e3o pr\u00e9-sinodal presidida pelo Papa Francisco destinada a escutar (voz, sensibilidade, f\u00e9, d\u00favidas, questionamentos) os jovens convidados de todas as partes do mundo, cat\u00f3licos ou n\u00e3o, crist\u00e3os ou n\u00e3o. Desde o dia de S\u00e3o Jos\u00e9 (19) at\u00e9 o s\u00e1bado antes do Domingo de Ramos [&hellip;]<\/p>\n","protected":false},"author":5,"featured_media":32777,"comment_status":"open","ping_status":"closed","sticky":false,"template":"","format":"standard","meta":{"footnotes":""},"categories":[9],"tags":[],"class_list":["post-39271","post","type-post","status-publish","format-standard","has-post-thumbnail","hentry","category-artigos"],"_links":{"self":[{"href":"https:\/\/catolicanet.net\/wp-cnet\/wp-json\/wp\/v2\/posts\/39271","targetHints":{"allow":["GET"]}}],"collection":[{"href":"https:\/\/catolicanet.net\/wp-cnet\/wp-json\/wp\/v2\/posts"}],"about":[{"href":"https:\/\/catolicanet.net\/wp-cnet\/wp-json\/wp\/v2\/types\/post"}],"author":[{"embeddable":true,"href":"https:\/\/catolicanet.net\/wp-cnet\/wp-json\/wp\/v2\/users\/5"}],"replies":[{"embeddable":true,"href":"https:\/\/catolicanet.net\/wp-cnet\/wp-json\/wp\/v2\/comments?post=39271"}],"version-history":[{"count":1,"href":"https:\/\/catolicanet.net\/wp-cnet\/wp-json\/wp\/v2\/posts\/39271\/revisions"}],"predecessor-version":[{"id":39272,"href":"https:\/\/catolicanet.net\/wp-cnet\/wp-json\/wp\/v2\/posts\/39271\/revisions\/39272"}],"wp:featuredmedia":[{"embeddable":true,"href":"https:\/\/catolicanet.net\/wp-cnet\/wp-json\/wp\/v2\/media\/32777"}],"wp:attachment":[{"href":"https:\/\/catolicanet.net\/wp-cnet\/wp-json\/wp\/v2\/media?parent=39271"}],"wp:term":[{"taxonomy":"category","embeddable":true,"href":"https:\/\/catolicanet.net\/wp-cnet\/wp-json\/wp\/v2\/categories?post=39271"},{"taxonomy":"post_tag","embeddable":true,"href":"https:\/\/catolicanet.net\/wp-cnet\/wp-json\/wp\/v2\/tags?post=39271"}],"curies":[{"name":"wp","href":"https:\/\/api.w.org\/{rel}","templated":true}]}}