{"id":39263,"date":"2018-03-21T13:09:41","date_gmt":"2018-03-21T16:09:41","guid":{"rendered":"http:\/\/catolicanet.net\/wp-cnet\/?p=39263"},"modified":"2018-03-21T13:19:59","modified_gmt":"2018-03-21T16:19:59","slug":"papa-eucaristia-nos-fortalece-e-nos-faz-dar-frutos","status":"publish","type":"post","link":"https:\/\/catolicanet.net\/wp-cnet\/papa-eucaristia-nos-fortalece-e-nos-faz-dar-frutos\/","title":{"rendered":"Papa: Eucaristia nos fortalece e nos faz dar frutos"},"content":{"rendered":"<div class=\"article__subTitle\">&#8220;Aproximemo-nos da Eucaristia: receber Jesus nos transforma n&#8217;Ele, nos faz mais fortes. \u00c9 t\u00e3o bom e t\u00e3o grande o Senhor!&#8221; Na Audi\u00eancia Geral desta quarta-feira, o Papa Francisco deu continuidade a s\u00e9rie de catequeses sobre a Santa Missa, falando sobre a Eucaristia<\/div>\n<div class=\"title__separator\"><\/div>\n<div class=\"article__text\">\n<p><b>Cidade do Vaticano<\/b><\/p>\n<p>O Papa Francisco iniciou a Audi\u00eancia Geral falando fora do texto sobre o primeiro dia de primavera. &#8220;Boa primavera!&#8221; desejou a todos, para ent\u00e3o recordar que, \u00e0 exemplo do que acontece com as plantas nesta esta\u00e7\u00e3o,\u00a0 &#8220;a vida crist\u00e3 deve ser uma vida que deve florescer nas obras de caridade, no fazer o bem&#8221;, e que se n\u00e3o temos ra\u00edzes, &#8220;n\u00e3o poderemos florescer&#8221;, e Jesus \u00e9 a raiz.<\/p>\n<p>&#8220;Se n\u00e3o tens Jesus na raiz, ali, n\u00e3o florescer\u00e1s. Se tu n\u00e3o regas a tua vida com a ora\u00e7\u00e3o e os sacramentos,\u00a0 haver\u00e1 flores crist\u00e3s?&#8221;, pergunta. &#8220;N\u00e3o! Porque a ora\u00e7\u00e3o e os sacramentos regam as ra\u00edzes e a nossa vida floresce. Fa\u00e7o votos de que esta primavera seja para voc\u00eas uma primavera florida, como ser\u00e1 a P\u00e1scoa florida. Flores de boas obras, de virtudes, de fazer o bem aos outros.<\/p>\n<h2>Eucaristia<\/h2>\n<h2><\/h2>\n<p>&#8220;Quem come a minha carne e bebe o meu sangue tem a vida eterna e eu o ressuscitarei no \u00faltimo dia. Porque a minha carne \u00e9 verdadeiramente uma comida e o meu sangue verdadeiramente uma bebida&#8221;.<\/p>\n<p>Em sua reflex\u00e3o, Francisco inspirou-se no Evangelho de S\u00e3o Jo\u00e3o (6,54-55) para falar sobre a Comunh\u00e3o, dando continuidade assim a sua s\u00e9rie de catequeses sobre a Santa Missa, que \u00e9 toda &#8220;ordenada para a Comunh\u00e3o sacramental&#8221;, n\u00e3o a espiritual que posso fazer em casa dizendo: &#8220;Jesus, eu gostaria de te receber espiritualmente&#8221;, mas a Comunh\u00e3o sacramental.<\/p>\n<p>&#8220;Celebramos a Eucaristia para nos nutrirmos de Cristo, que doa a si mesmo quer na Palavra como no Sacramento do altar, para conformar-nos a Ele&#8221;, disse o Santo Padre dirigindo-se aos cerca de 15 mil fi\u00e9is de diversos pa\u00edses presentes na Pra\u00e7a S\u00e3o Pedro, a uma temperatura de 8\u00b0C.<\/p>\n<div>\n<aside class=\"article__readmore\">\n<div class=\"teaser--labelEvidence teaser\">\n<article>\n<div class=\"teaser__labelWrapper\"><\/div>\n<div class=\"teaser__contentWrapper\">\n<div><\/div>\n<\/div>\n<\/article>\n<\/div>\n<\/aside>\n<\/div>\n<p>&nbsp;<\/p>\n<p>&#8220;O gesto de Jesus que deu aos seus disc\u00edpulos o seu Corpo e o seu Sangue na \u00faltima Ceia &#8211; explicou &#8211; continua ainda hoje pelo minist\u00e9rio do sacerdote e do di\u00e1cono, ministros ordin\u00e1rios da distribui\u00e7\u00e3o aos irm\u00e3os do P\u00e3o da vida e do C\u00e1lice da salva\u00e7\u00e3o&#8221;.<\/p>\n<p>&#8220;Depois de ter partido o P\u00e3o consagrado, isto \u00e9, o Corpo de Jesus, o sacerdote o mostra aos fi\u00e9is, convidando-os a participar do banquete eucar\u00edstico&#8221;, dizendo as palavras: &#8220;Felizes os convidados para a Ceia do Senhor: eis o Cordeiro de Deus que tira os pecados do mundo&#8221;.<\/p>\n<p>Este convite inspirado em uma passagem do Apocalipse &#8211; recordou o Santo Padre &#8211; &#8220;nos chama a experimentar a \u00edntima uni\u00e3o com Cristo, fonte de alegria e de santidade&#8221;:<\/p>\n<p>&#8220;<i>\u00c9 um convite que alegra e ao mesmo tempo impele a um exame de consci\u00eancia iluminado pela f\u00e9. Se por um lado, de fato, vemos a dist\u00e2ncia que nos separa da santidade de Cristo, por outro acreditamos que o seu Sangue \u00e9 &#8220;derramado pela remiss\u00e3o dos pecados&#8221;. Todos n\u00f3s fomos perdoados no batismo e todos n\u00f3s somos e seremos perdoados cada vez que nos aproximarmos do Sacramento da Penit\u00eancia. E n\u00e3o esque\u00e7am, Jesus perdoa sempre. Jesus n\u00e3o se cansa de perdoar, somos n\u00f3s que nos cansamos de pedir perd\u00e3o\u201d.<\/i><\/p>\n<p>O Papa recordou Santo Ambr\u00f3sio quando exclama: &#8220;Eu que peco sempre, devo sempre dispor de rem\u00e9dio!&#8221;, e com esta f\u00e9 &#8220;tamb\u00e9m n\u00f3s voltamos o nosso olhar ao Cordeiro de Deus que tira os pecados do mundo e o invocamos&#8221; com as palavras: &#8220;\u00d3 Senhor, n\u00e3o sou digno que entreis em minha morada, mas dizei uma palavra e serei salvo&#8221;. Isso dizemos em cada Missa\u201d:<\/p>\n<p>&#8220;<i>Se somos n\u00f3s a nos mover em prociss\u00e3o para fazer a Comunh\u00e3o, n\u00f3s vamos em dire\u00e7\u00e3o ao altar em prociss\u00e3o para fazer a comunh\u00e3o. Na realidade \u00e9 Cristo que vem em nosso encontro para assemelharmo-nos a Ele. H\u00e1 um encontro com Jesus! Nutrir-se da Eucaristia significa deixar-se transformar enquanto recebemos&#8221;.<\/i><\/p>\n<div>\n<div class=\"article__embed article__embed--border embed_style\">\n<blockquote><p>\u201c Cada vez que n\u00f3s comungamos, mais nos assemelhamos a Jesus, mais nos transformamos em Jesus. \u201d<\/p><\/blockquote>\n<\/div>\n<\/div>\n<p>&#8220;Como o p\u00e3o e o vinho s\u00e3o convertidos no Corpo e Sangue do Senhor, assim aqueles que os recebem com f\u00e9, s\u00e3o transformados em Eucaristia viva.&#8221;<\/p>\n<p>Ao responder &#8220;Am\u00e9m&#8221; ao sacerdote que diz &#8220;Corpo de Cristo&#8221;, se reconhece &#8220;a gra\u00e7a e o empenho que comporta tornar-se Corpo de Cristo. Pois quando tu recebes o Corpo de Cristo, tu te tornas Corpo de Cristo. \u00c9 belo isto, \u00e9 muito belo!&#8221;<\/p>\n<p>&#8220;Enquanto nos unimos a Cristo, separando-nos de nossos ego\u00edsmos, a Comunh\u00e3o nos abre e une a todos aqueles que s\u00e3o um s\u00f3 n&#8217;Ele. Eis o prod\u00edgio da Comunh\u00e3o: nos tornamos aquilo que recebemos!&#8221;<\/p>\n<p>O Papa refor\u00e7a que a Igreja deseja que os fi\u00e9is recebam o Corpo do Senhor &#8220;com h\u00f3stias consagradas na mesma Missa&#8221; e que &#8220;o sinal do banquete eucar\u00edstico se expressa com maior plenitude se a santa Comunh\u00e3o \u00e9 feita sob duas esp\u00e9cies, ainda que a doutrina cat\u00f3lica ensine que sob uma esp\u00e9cie somente se recebe o Cristo inteiro&#8221;.<\/p>\n<p>O fiel se aproxima e comunga em p\u00e9 com devo\u00e7\u00e3o ou de joelhos, como estabelecido pela Confer\u00eancia Episcopal, recebendo o Sacramento na boca ou, onde \u00e9 permitido, na m\u00e3o, como preferir.<\/p>\n<p>O Santo Padre recorda que ap\u00f3s a Comunh\u00e3o, para custodiar no cora\u00e7\u00e3o o dom recebido, &#8220;nos ajuda o sil\u00eancio,\u00a0 a ora\u00e7\u00e3o silenciosa. Prolongar um pouco aquele momento de sil\u00eancio, falando com Jesus no cora\u00e7\u00e3o, nos ajuda tanto, como tamb\u00e9m cantar um Salmo ou um hino de louvor, que nos ajude a estar com o Senhor\u201d.<\/p>\n<p>A Ora\u00e7\u00e3o ap\u00f3s a Comunh\u00e3o conclui a Liturgia Eucar\u00edstica. &#8220;Nela, em nome de todos, o sacerdote dirige-se a Deus para agradecer a Ele por nos fazer seus convidados e pedir que o que foi recebido transforme a nossa vida&#8221;.<\/p>\n<p>\u201cA Eucaristia nos torna fortes para dar frutos de boas obras para viver como crist\u00e3os\u201d.<\/p>\n<p>Significativa &#8211; disse o Papa ao concluir &#8211; \u00e9 a ora\u00e7\u00e3o de hoje, em que pedimos ao Senhor que &#8220;a participa\u00e7\u00e3o ao seu sacramento seja para n\u00f3s rem\u00e9dio de salva\u00e7\u00e3o, nos cure do mal e nos confirme na sua amizade&#8221;.<\/p>\n<p>&#8220;Aproximemo-nos da Eucaristia: receber Jesus nos transforma n&#8217;Ele, nos faz mais fortes. \u00c9 t\u00e3o bom e t\u00e3o grande o Senhor!&#8221;<\/p>\n<div>\n<div class=\"article__embed article__embed--unwrap article__embed--dark\">\n<p><iframe loading=\"lazy\" width=\"696\" height=\"392\" src=\"https:\/\/www.youtube.com\/embed\/HKq2Vv3RY_s?feature=oembed\" frameborder=\"0\" allow=\"autoplay; encrypted-media\" allowfullscreen><\/iframe><\/p>\n<p>A Eucaristia foi o tema da Audi\u00eancia Geral desta quarta-feira<\/p><\/div>\n<p>Fonte: R\u00e1dio Vaticano<\/p>\n<\/div>\n<\/div>\n","protected":false},"excerpt":{"rendered":"<p>&#8220;Aproximemo-nos da Eucaristia: receber Jesus nos transforma n&#8217;Ele, nos faz mais fortes. \u00c9 t\u00e3o bom e t\u00e3o grande o Senhor!&#8221; Na Audi\u00eancia Geral desta quarta-feira, o Papa Francisco deu continuidade a s\u00e9rie de catequeses sobre a Santa Missa, falando sobre a Eucaristia Cidade do Vaticano O Papa Francisco iniciou a Audi\u00eancia Geral falando fora do [&hellip;]<\/p>\n","protected":false},"author":1,"featured_media":39265,"comment_status":"open","ping_status":"closed","sticky":false,"template":"","format":"standard","meta":{"footnotes":""},"categories":[13],"tags":[],"class_list":["post-39263","post","type-post","status-publish","format-standard","has-post-thumbnail","hentry","category-featured"],"_links":{"self":[{"href":"https:\/\/catolicanet.net\/wp-cnet\/wp-json\/wp\/v2\/posts\/39263","targetHints":{"allow":["GET"]}}],"collection":[{"href":"https:\/\/catolicanet.net\/wp-cnet\/wp-json\/wp\/v2\/posts"}],"about":[{"href":"https:\/\/catolicanet.net\/wp-cnet\/wp-json\/wp\/v2\/types\/post"}],"author":[{"embeddable":true,"href":"https:\/\/catolicanet.net\/wp-cnet\/wp-json\/wp\/v2\/users\/1"}],"replies":[{"embeddable":true,"href":"https:\/\/catolicanet.net\/wp-cnet\/wp-json\/wp\/v2\/comments?post=39263"}],"version-history":[{"count":3,"href":"https:\/\/catolicanet.net\/wp-cnet\/wp-json\/wp\/v2\/posts\/39263\/revisions"}],"predecessor-version":[{"id":39267,"href":"https:\/\/catolicanet.net\/wp-cnet\/wp-json\/wp\/v2\/posts\/39263\/revisions\/39267"}],"wp:featuredmedia":[{"embeddable":true,"href":"https:\/\/catolicanet.net\/wp-cnet\/wp-json\/wp\/v2\/media\/39265"}],"wp:attachment":[{"href":"https:\/\/catolicanet.net\/wp-cnet\/wp-json\/wp\/v2\/media?parent=39263"}],"wp:term":[{"taxonomy":"category","embeddable":true,"href":"https:\/\/catolicanet.net\/wp-cnet\/wp-json\/wp\/v2\/categories?post=39263"},{"taxonomy":"post_tag","embeddable":true,"href":"https:\/\/catolicanet.net\/wp-cnet\/wp-json\/wp\/v2\/tags?post=39263"}],"curies":[{"name":"wp","href":"https:\/\/api.w.org\/{rel}","templated":true}]}}