{"id":39253,"date":"2018-03-21T09:36:26","date_gmt":"2018-03-21T12:36:26","guid":{"rendered":"http:\/\/catolicanet.net\/wp-cnet\/?p=39253"},"modified":"2018-03-21T09:36:26","modified_gmt":"2018-03-21T12:36:26","slug":"diocese-de-nova-friburgo-celebra-dia-mundial-da-juventude","status":"publish","type":"post","link":"https:\/\/catolicanet.net\/wp-cnet\/diocese-de-nova-friburgo-celebra-dia-mundial-da-juventude\/","title":{"rendered":"Diocese de Nova Friburgo celebra Dia Mundial da Juventude"},"content":{"rendered":"<p>No pr\u00f3ximo dia 24, os jovens de todo o territ\u00f3rio da diocese de Nova Friburgo (RJ) v\u00e3o se reunir para celebrar o Dia Mundial da Juventude (DMJ) 2018. O evento, traz nesta edi\u00e7\u00e3o o tema: \u201cN\u00e3o tenhas Medo, Maria! Encontraste gra\u00e7as junto a Deus\u201d (Lc 1,30), ser\u00e1 na par\u00f3quia S\u00e3o Jos\u00e9 de Leonissa, em Itaocara (RJ). A missa de enceramento ser\u00e1 presidida pelo bispo de Nova Friburgo, dom Edney Gouv\u00eaa Mattoso.<\/p>\n<p>A not\u00edcia completa est\u00e1 no site do <a href=\"http:\/\/cnbbleste1.org.br\/2018\/03\/diocese-de-nova-friburgo-celebra-dia-mundial-da-juventude\/\">Regional Leste 1 da CNBB<\/a><\/p>\n<div class=\"article-main-next-prev\"><\/div>\n<div>Fonte: CNBB<\/div>\n","protected":false},"excerpt":{"rendered":"<p>No pr\u00f3ximo dia 24, os jovens de todo o territ\u00f3rio da diocese de Nova Friburgo (RJ) v\u00e3o se reunir para celebrar o Dia Mundial da Juventude (DMJ) 2018. O evento, traz nesta edi\u00e7\u00e3o o tema: \u201cN\u00e3o tenhas Medo, Maria! Encontraste gra\u00e7as junto a Deus\u201d (Lc 1,30), ser\u00e1 na par\u00f3quia S\u00e3o Jos\u00e9 de Leonissa, em Itaocara [&hellip;]<\/p>\n","protected":false},"author":1,"featured_media":39254,"comment_status":"open","ping_status":"closed","sticky":false,"template":"","format":"standard","meta":{"footnotes":""},"categories":[7],"tags":[],"class_list":["post-39253","post","type-post","status-publish","format-standard","has-post-thumbnail","hentry","category-cnbb"],"_links":{"self":[{"href":"https:\/\/catolicanet.net\/wp-cnet\/wp-json\/wp\/v2\/posts\/39253","targetHints":{"allow":["GET"]}}],"collection":[{"href":"https:\/\/catolicanet.net\/wp-cnet\/wp-json\/wp\/v2\/posts"}],"about":[{"href":"https:\/\/catolicanet.net\/wp-cnet\/wp-json\/wp\/v2\/types\/post"}],"author":[{"embeddable":true,"href":"https:\/\/catolicanet.net\/wp-cnet\/wp-json\/wp\/v2\/users\/1"}],"replies":[{"embeddable":true,"href":"https:\/\/catolicanet.net\/wp-cnet\/wp-json\/wp\/v2\/comments?post=39253"}],"version-history":[{"count":1,"href":"https:\/\/catolicanet.net\/wp-cnet\/wp-json\/wp\/v2\/posts\/39253\/revisions"}],"predecessor-version":[{"id":39255,"href":"https:\/\/catolicanet.net\/wp-cnet\/wp-json\/wp\/v2\/posts\/39253\/revisions\/39255"}],"wp:featuredmedia":[{"embeddable":true,"href":"https:\/\/catolicanet.net\/wp-cnet\/wp-json\/wp\/v2\/media\/39254"}],"wp:attachment":[{"href":"https:\/\/catolicanet.net\/wp-cnet\/wp-json\/wp\/v2\/media?parent=39253"}],"wp:term":[{"taxonomy":"category","embeddable":true,"href":"https:\/\/catolicanet.net\/wp-cnet\/wp-json\/wp\/v2\/categories?post=39253"},{"taxonomy":"post_tag","embeddable":true,"href":"https:\/\/catolicanet.net\/wp-cnet\/wp-json\/wp\/v2\/tags?post=39253"}],"curies":[{"name":"wp","href":"https:\/\/api.w.org\/{rel}","templated":true}]}}