{"id":39245,"date":"2018-03-21T09:02:41","date_gmt":"2018-03-21T12:02:41","guid":{"rendered":"http:\/\/catolicanet.net\/wp-cnet\/?p=39245"},"modified":"2018-03-21T09:21:01","modified_gmt":"2018-03-21T12:21:01","slug":"a-missao-do-ensino-catolico-e-sua-viabilidade-como-negocio","status":"publish","type":"post","link":"https:\/\/catolicanet.net\/wp-cnet\/a-missao-do-ensino-catolico-e-sua-viabilidade-como-negocio\/","title":{"rendered":"A miss\u00e3o do ensino cat\u00f3lico e sua viabilidade como neg\u00f3cio"},"content":{"rendered":"<p><strong><i>VI Encontro de Escolas Cat\u00f3licas re\u00fane em Curitiba gestores de 136 institui\u00e7\u00f5es de todo o Brasil<\/i><\/strong><\/p>\n<p dir=\"ltr\"><img loading=\"lazy\" decoding=\"async\" class=\"size-medium wp-image-39250 alignright\" src=\"http:\/\/catolicanet.net\/wp-cnet\/wp-content\/uploads\/imagem_release_1228401-300x200.jpg\" alt=\"\" width=\"300\" height=\"200\" srcset=\"https:\/\/catolicanet.net\/wp-cnet\/wp-content\/uploads\/imagem_release_1228401-300x200.jpg 300w, https:\/\/catolicanet.net\/wp-cnet\/wp-content\/uploads\/imagem_release_1228401.jpg 350w\" sizes=\"auto, (max-width: 300px) 100vw, 300px\" \/><\/p>\n<p dir=\"ltr\">Cen\u00e1rios e perspectivas da educa\u00e7\u00e3o sob o ponto de vista religioso ser\u00e3o debatidos em Curitiba (PR), num evento que vai reunir 136escolas cat\u00f3licas de todo o pa\u00eds, de 04 a 06 de abril. Entre os temas abordados, a aten\u00e7\u00e3o estar\u00e1 voltada para os desafios do dia a dia de uma institui\u00e7\u00e3o de ensino confessional. A programa\u00e7\u00e3o traz palestras sobre gest\u00e3o, como conciliar a miss\u00e3o religiosa e educadora com a viabilidade do neg\u00f3cio e a atua\u00e7\u00e3o das escolas cat\u00f3licas num mundo pluralista. O objetivo do encontro \u00e9 orientar sobre os cen\u00e1rios econ\u00f4micos, pol\u00edticos e socioculturais.\u00a0O evento, em sua sexta edi\u00e7\u00e3o, \u00e9 promovido pela Editora Positivo e dirigido a gestores de institui\u00e7\u00f5es conveniadas ao Sistema Positivo de Ensino que respondem por um universo de 61 mil alunos.<\/p>\n<div>\n<p dir=\"ltr\">O reitor do Centro Universit\u00e1rio La Salle do Rio de Janeiro, Irm\u00e3o Jardelino Menegat, falar\u00e1 sobre a import\u00e2ncia da profissionaliza\u00e7\u00e3o da gest\u00e3o a fim de garantir a longevidade de uma escola. Para fechar a tem\u00e1tica sobre gerenciamento, o te\u00f3logo, pedagogo e especialista em gest\u00e3o, Irm\u00e3o Afonso Murad, ministrar\u00e1 palestra sobre as diferen\u00e7as entre os institutos religiosos e as escolas privadas que visam lucro e tamb\u00e9m sobre a import\u00e2ncia de se aprender a lidar com o conflito permanente entre miss\u00e3o e neg\u00f3cio.<\/p>\n<p dir=\"ltr\">O carisma da escola cat\u00f3lica numa cultura pluralista ser\u00e1 o tema da palestra do monge Dom Bernardo Bonowitz, do Mosteiro Trapista Nossa Senhora do Novo Mundo, de Campo do Tenente (PR). Al\u00e9m da palestra, o abade ir\u00e1 tamb\u00e9m celebrar uma missa. Entre os destaques do encontro, est\u00e1 o lan\u00e7amento do livro \u201cEscolas Cat\u00f3licas: Uma gest\u00e3o em rede para a longevidade da obra\u201d. Os autores, C\u00e9sar Nunes, Padre Vilson Groh, Vanderlei Soela, Irm\u00e3o Jardelino Menegat e Irm\u00e3o Afonso Murad, v\u00e3o participar de uma mesa redonda e debater os temas levantados no livro. Organizado pela Irm\u00e3 Olmira Dassoler, o livro \u00e9 editado pela Editora Positivo.<\/p>\n<p dir=\"ltr\">A supervisora pedag\u00f3gica da Editora Positivo, Raphaela Ribas Lupion Gubert , explica que o objetivo do evento \u00e9 analisar o presente e refletir sobre o futuro da educa\u00e7\u00e3o nessas institui\u00e7\u00f5es de ensino. \u201cPor meio do encontro, promovemos a reflex\u00e3o sobre o perfil e o papel das escolas crist\u00e3s no cen\u00e1rio atual, ajudando-as a se fortalecerem, tanto no aspecto do carisma, como no de neg\u00f3cio.<\/p>\n<p>&nbsp;<\/p>\n<p><strong>Sobre a Editora Positivo<\/strong><\/p>\n<p dir=\"ltr\"><em>Fundada h\u00e1 39 anos, a Editora Positivo tem a miss\u00e3o de construir um mundo melhor por meio da educa\u00e7\u00e3o. Tendo as boas pr\u00e1ticas de ensino como seu DNA, a Editora especializou-se ao longo dos anos e tornou-se refer\u00eancia no segmento educacional, desenvolvendo livros did\u00e1ticos, literatura infantil e juvenil, sistemas de ensino e dicion\u00e1rios. A Editora Positivo est\u00e1 presente em milhares de escolas p\u00fablicas e particulares com os seus sistemas de ensino. Amplamente recomendados pela \u00e1rea pedag\u00f3gica e reconhecidos pelos seus resultados, os sistemas foram criados de modo a atender a realidade de cada unidade escolar. Para a rede p\u00fablica a editora disponibiliza o Sistema de Ensino Aprende Brasil. J\u00e1 as escolas particulares contam com o Sistema Positivo de Ensino. Mais de 800 mil alunos utilizam os sistemas de ensino da Editora Positivo, em escolas p\u00fablicas e particulares, no Brasil e no Jap\u00e3o.<\/em><\/p>\n<p dir=\"ltr\"><strong>Sobre o Sistema Positivo de Ensino<\/strong><\/p>\n<p dir=\"ltr\"><em>\u00c9 o maior e mais tradicional sistema voltado ao ensino particular no Brasil. Com um projeto sempre atual e inovador, ele oferece \u00e0s escolas particulares diversos recursos que abrangem alunos, professores, gestores e tamb\u00e9m a fam\u00edlia do aluno com conte\u00fado diferenciado. Para os estudantes, s\u00e3o ofertadas atividades integradas entre o livro did\u00e1tico e plataformas educacionais que o auxiliam na aprendizagem. Os professores recebem propostas de trabalho pedag\u00f3gico focadas em diversas disciplinas, enquanto os gestores recebem recursos de apoio para a administra\u00e7\u00e3o escolar, incluindo cursos e ferramentas que abordam temas voltados \u00e0s \u00e1reas de pedagogia, marketing, finan\u00e7as e quest\u00f5es jur\u00eddicas. A fam\u00edlia participa do processo de aprendizagem do aluno recebendo conte\u00fado espec\u00edfico, que contempla revistas e webconfer\u00eancias voltados \u00e0 educa\u00e7\u00e3o.<\/em><\/p>\n<\/div>\n<p dir=\"ltr\"><strong>MAIS INFORMA\u00c7\u00d5ES \/ AGENDAMENTO DE ENTREVISTAS<\/strong><br \/>\n41 3026-2610 \/ 41 99273-0719 \/ 41 99135-9541 \/ 41 99196-7701<br \/>\n<a href=\"mailto:centralpress@centralpress.inf.br\">centralpress@centralpress.inf.br<\/a><br \/>\n<a href=\"http:\/\/www.centralpress.com.br\">www.centralpress.com.br<\/a><\/p>\n<div>\n<p dir=\"ltr\">Fonte: Central Press<\/p>\n<\/div>\n<div class=\"padding-top50\"><\/div>\n","protected":false},"excerpt":{"rendered":"<p>VI Encontro de Escolas Cat\u00f3licas re\u00fane em Curitiba gestores de 136 institui\u00e7\u00f5es de todo o Brasil Cen\u00e1rios e perspectivas da educa\u00e7\u00e3o sob o ponto de vista religioso ser\u00e3o debatidos em Curitiba (PR), num evento que vai reunir 136escolas cat\u00f3licas de todo o pa\u00eds, de 04 a 06 de abril. Entre os temas abordados, a aten\u00e7\u00e3o [&hellip;]<\/p>\n","protected":false},"author":1,"featured_media":39249,"comment_status":"open","ping_status":"closed","sticky":false,"template":"","format":"standard","meta":{"footnotes":""},"categories":[13],"tags":[],"class_list":["post-39245","post","type-post","status-publish","format-standard","has-post-thumbnail","hentry","category-featured"],"_links":{"self":[{"href":"https:\/\/catolicanet.net\/wp-cnet\/wp-json\/wp\/v2\/posts\/39245","targetHints":{"allow":["GET"]}}],"collection":[{"href":"https:\/\/catolicanet.net\/wp-cnet\/wp-json\/wp\/v2\/posts"}],"about":[{"href":"https:\/\/catolicanet.net\/wp-cnet\/wp-json\/wp\/v2\/types\/post"}],"author":[{"embeddable":true,"href":"https:\/\/catolicanet.net\/wp-cnet\/wp-json\/wp\/v2\/users\/1"}],"replies":[{"embeddable":true,"href":"https:\/\/catolicanet.net\/wp-cnet\/wp-json\/wp\/v2\/comments?post=39245"}],"version-history":[{"count":3,"href":"https:\/\/catolicanet.net\/wp-cnet\/wp-json\/wp\/v2\/posts\/39245\/revisions"}],"predecessor-version":[{"id":39252,"href":"https:\/\/catolicanet.net\/wp-cnet\/wp-json\/wp\/v2\/posts\/39245\/revisions\/39252"}],"wp:featuredmedia":[{"embeddable":true,"href":"https:\/\/catolicanet.net\/wp-cnet\/wp-json\/wp\/v2\/media\/39249"}],"wp:attachment":[{"href":"https:\/\/catolicanet.net\/wp-cnet\/wp-json\/wp\/v2\/media?parent=39245"}],"wp:term":[{"taxonomy":"category","embeddable":true,"href":"https:\/\/catolicanet.net\/wp-cnet\/wp-json\/wp\/v2\/categories?post=39245"},{"taxonomy":"post_tag","embeddable":true,"href":"https:\/\/catolicanet.net\/wp-cnet\/wp-json\/wp\/v2\/tags?post=39245"}],"curies":[{"name":"wp","href":"https:\/\/api.w.org\/{rel}","templated":true}]}}