{"id":3923,"date":"2014-01-14T12:05:54","date_gmt":"2014-01-14T14:05:54","guid":{"rendered":"http:\/\/catolicanet.net\/wp-cnet\/papa-os-cristaos-nao-sejam-legalistas-a-fe-nao-e-peso-nos-ombros\/"},"modified":"2017-03-24T16:36:09","modified_gmt":"2017-03-24T19:36:09","slug":"papa-os-cristaos-nao-sejam-legalistas-a-fe-nao-e-peso-nos-ombros","status":"publish","type":"post","link":"https:\/\/catolicanet.net\/wp-cnet\/papa-os-cristaos-nao-sejam-legalistas-a-fe-nao-e-peso-nos-ombros\/","title":{"rendered":"Papa: os crist\u00e3os n\u00e3o sejam legalistas, a f\u00e9 n\u00e3o \u00e9 peso nos ombros"},"content":{"rendered":"<p style=\"text-align: justify;\"><img decoding=\"async\" src=\"http:\/\/www.catolicanet.com.br\/images\/stories\/papafranciscodeverdemissamanha.jpg\" border=\"0\" align=\"left\" \/>Quatro modos de crer, para refletir sobre o verdadeiro testemunho do crist\u00e3o. Na missa da manh\u00e3 desta ter\u00e7a-feira, na Casa Santa Marta, o Papa Francisco se inspirou nos personagens presentes nas Leituras do dia para enfatizar que a novidade trazida por Jesus \u00e9 o amor de Deus por cada um de n\u00f3s. Ent\u00e3o, chamou a aten\u00e7\u00e3o para os comportamentos hip\u00f3critas ou legalistas que afastam as pessoas da f\u00e9.<\/p>\n<p>Papa Francisco se deteve em sua homilia sobre quatro modelos de crentes, inspirados nas Leituras do dia: Jesus, os escribas, o sacerdote Eli e seus dois filhos, tamb\u00e9m esses sacerdotes. O Evangelho, observou ele, nos diz qual era \u201co comportamento de Jesus em sua catequese\u201d, \u201censinava como quem tem autoridade e n\u00e3o como os escribas\u201d. Os escribas, afirmou, \u201censinavam, pregavam, mas colocavam nos ombros das pessoas muitas coisas pesadas, e a pobre gente n\u00e3o podia ir para frente\u201d.<\/p>\n<p><strong>\u201cE o pr\u00f3prio Jesus disse que eles n\u00e3o moviam essas coisas nem mesmo com um dedo, n\u00e3o? E, depois, disse \u00e0s pessoas: \u201cFa\u00e7am o que eles dizem, mas n\u00e3o o que eles fazem! &#8216;. Pessoas incoerentes&#8230; Esses escribas, esses fariseus, comportavam-se como se batessem nas pessoas, certo? Voc\u00eas devem fazer isso, isso e isso, diziam \u00e0s pobres pessoas&#8230; E Jesus disse: \u2018Mas, assim voc\u00eas fecham \u2013 disse a eles! &#8211; a porta do Reino dos C\u00e9us. N\u00e3o os deixam entrar, e nem voc\u00eas podem entrar!&#8217;. \u00c9 uma forma, uma maneira de pregar, de ensinar, de dar testemunho da pr\u00f3pria f\u00e9&#8230; E h\u00e1 muitos que pensam que a f\u00e9 \u00e9 algo assim&#8230;<\/strong><\/p>\n<p>Na Primeira Leitura, tirada do Livro de Samuel, &#8211; disse em seguida o Papa -, encontramos a figura de Eli, \u201cum pobre sacerdote, fraco, morno\u201d que \u201cdeixava os seus filhos fazerem tantas coisas desagrad\u00e1veis\u201d. Eli estava sentado em frente a uma coluna do Templo do Senhor e olhava para Ana, uma senhora, \u201cque rezava ao seu modo, pedindo um filho\u201d. Esta mulher, disse Francisco, \u201crezava como rezam as pessoas humildes: de modo simples, mas com o cora\u00e7\u00e3o, com ang\u00fastia\u201d. Ana \u201cmovia os l\u00e1bios\u201d, como fazem \u201ctantas boas mulheres nas nossas igrejas, nos nossos santu\u00e1rios\u201d. Rezava \u201ce pedia um milagre\u201d. E o idoso Eli a observava e dizia: \u201cMas, essa mulher \u00e9 uma b\u00eabada!\u201d e a \u201cdesprezou\u201d. Ele, advertiu o Papa, \u201cera o representante da f\u00e9, o l\u00edder da f\u00e9, mas o seu cora\u00e7\u00e3o n\u00e3o via bem e desprezou essa mulher\u201d:<\/p>\n<p><strong>\u201cQuantas vezes o povo de Deus se sente n\u00e3o amado por aqueles que devem dar testemunho: pelos crist\u00e3os, pelos crist\u00e3os leigos, pelos sacerdotes, pelos bispos&#8230; \u2018as pessoas pobres n\u00e3o entendem nada &#8230; devem fazer um curso de teologia para entender bem&#8217;. Mas, por que eu tenho certa simpatia por este homem? Porque no cora\u00e7\u00e3o ainda tinha a un\u00e7\u00e3o, porque quando a mulher lhe explica sua situa\u00e7\u00e3o, Eli disse: \u201cVai em paz, e o Deus de Israel lhe conceda o que voc\u00ea pediu\u2019. Vem para fora a un\u00e7\u00e3o sacerdotal: pobre homem, ele a tinha escondido dentro, na sua pregui\u00e7a&#8230; \u00e9 um morno. E, depois, termina mal, pobre homem\u201d.<\/strong><\/p>\n<p>Seus filhos, prosseguiu Francisco, n\u00e3o s\u00e3o vistos na passagem da Primeira Leitura, mas eram eles que administravam o Templo, \u201ceram malfeitores. \u201cEles eram sacerdotes, mas malfeitores\u201d. \u201cBuscavam o poder, buscavam dinheiro &#8211; disse o Papa &#8211; exploravam as pessoas, se aproveitavam das esmolas, dos presentes\u201d e o \u201cSenhor os castiga duramente\u201d. Esta, observou o Pont\u00edfice, \u201c\u00e9 a figura do crist\u00e3o corrupto\u201d, \u201cdo leigo corrupto, do padre corrupto, do bispo corrupto, que se aproveita da sua situa\u00e7\u00e3o, do seu privil\u00e9gio da f\u00e9, de ser crist\u00e3o\u201d e \u201co seu cora\u00e7\u00e3o acaba corrupto\u201d, como aconteceu com Judas. De um cora\u00e7\u00e3o corrupto, prosseguiu Francisco, vem \u201ca trai\u00e7\u00e3o\u201d. Judas \u201ctrai Jesus\u201d. Os filhos de Eli s\u00e3o, portanto, o terceiro modelo de crente.<\/p>\n<p>E depois h\u00e1 o quarto, Jesus, e sobre ele as pessoas dizem: \u201cEle ensina como quem tem autoridade: este \u00e9 um ensinamento novo!\u201d Mas onde est\u00e1 a novidade, se pergunta o Papa Francisco? \u00c9 \u201co poder da santidade\u201d, \u201ca novidade de Jesus \u00e9 que, traz consigo a Palavra de Deus, a mensagem de Deus, isto \u00e9 o amor de Deus por cada um de n\u00f3s\u201d. Jesus, reiterou o Santo Padre, \u201caproxima Deus das pessoas e para fazer isso Ele se aproxima: est\u00e1 perto dos pecadores\u201d. Jesus, recordou ainda, perdoa a mulher ad\u00faltera, \u201cfala de teologia com a Samaritana, que n\u00e3o era um anjinho\u201d.<\/p>\n<p>Jesus, explicou ainda, \u201colha para o cora\u00e7\u00e3o das pessoas, Jesus se aproxima do cora\u00e7\u00e3o ferido das pessoas. A Jesus s\u00f3 interessa a pessoa, e Deus\u201d. \u201cJesus quer que as pessoas se aproximem, que o busquem e se sente emocionado quando a v\u00ea como uma ovelha sem pastor\u201d. \u00c9 por todo esse comportamento que \u201cas pessoas dizem: \u201cmas este \u00e9 um novo ensinamento!\u201d N\u00e3o, observou o Papa, \u201cn\u00e3o \u00e9 novo ensinamento: a maneira de faz\u00ea-lo \u00e9 nova. \u00c9 a transpar\u00eancia evang\u00e9lica\u201d:<\/p>\n<p><strong>\u201cPe\u00e7amos ao Senhor que estas duas leituras nos ajudem em nossas vidas como crist\u00e3os. Cada um no seu lugar. A n\u00e3o sermos legalistas puros, hip\u00f3critas como os escribas e os fariseus. A n\u00e3o sermos corruptos como os filhos de Eli. A n\u00e3o sermos mornos, como Eli, mas a sermos como Jesus, com o zelo de buscar as pessoas, de curar as pessoas, de amar as pessoas, e assim dizer: \u2018Mas, se eu fa\u00e7o isso t\u00e3o pequeno, imagine como Deus nos ama, como \u00e9 nosso Pai!. Este \u00e9 o ensinamento novo que Deus pede a n\u00f3s. Vamos pedir essa gra\u00e7a\u201d.<\/strong><\/p>\n<p style=\"text-align: justify;\">\u00a0<\/p>\n<p style=\"text-align: justify;\"><strong>Local: Cidade do Vaticano<br \/>Fonte: R\u00e1dio Vaticano<\/strong><\/p>\n","protected":false},"excerpt":{"rendered":"<p>Quatro modos de crer, para refletir sobre o verdadeiro testemunho do crist\u00e3o. Na missa da manh\u00e3 desta ter\u00e7a-feira, na Casa Santa Marta, o Papa Francisco se inspirou nos personagens presentes nas Leituras do dia para enfatizar que a novidade trazida por Jesus \u00e9 o amor de Deus por cada um de n\u00f3s. Ent\u00e3o, chamou a [&hellip;]<\/p>\n","protected":false},"author":1,"featured_media":3922,"comment_status":"closed","ping_status":"closed","sticky":false,"template":"","format":"standard","meta":{"footnotes":""},"categories":[3],"tags":[],"class_list":["post-3923","post","type-post","status-publish","format-standard","has-post-thumbnail","hentry","category-vaticano"],"_links":{"self":[{"href":"https:\/\/catolicanet.net\/wp-cnet\/wp-json\/wp\/v2\/posts\/3923","targetHints":{"allow":["GET"]}}],"collection":[{"href":"https:\/\/catolicanet.net\/wp-cnet\/wp-json\/wp\/v2\/posts"}],"about":[{"href":"https:\/\/catolicanet.net\/wp-cnet\/wp-json\/wp\/v2\/types\/post"}],"author":[{"embeddable":true,"href":"https:\/\/catolicanet.net\/wp-cnet\/wp-json\/wp\/v2\/users\/1"}],"replies":[{"embeddable":true,"href":"https:\/\/catolicanet.net\/wp-cnet\/wp-json\/wp\/v2\/comments?post=3923"}],"version-history":[{"count":1,"href":"https:\/\/catolicanet.net\/wp-cnet\/wp-json\/wp\/v2\/posts\/3923\/revisions"}],"predecessor-version":[{"id":8142,"href":"https:\/\/catolicanet.net\/wp-cnet\/wp-json\/wp\/v2\/posts\/3923\/revisions\/8142"}],"wp:featuredmedia":[{"embeddable":true,"href":"https:\/\/catolicanet.net\/wp-cnet\/wp-json\/wp\/v2\/media\/3922"}],"wp:attachment":[{"href":"https:\/\/catolicanet.net\/wp-cnet\/wp-json\/wp\/v2\/media?parent=3923"}],"wp:term":[{"taxonomy":"category","embeddable":true,"href":"https:\/\/catolicanet.net\/wp-cnet\/wp-json\/wp\/v2\/categories?post=3923"},{"taxonomy":"post_tag","embeddable":true,"href":"https:\/\/catolicanet.net\/wp-cnet\/wp-json\/wp\/v2\/tags?post=3923"}],"curies":[{"name":"wp","href":"https:\/\/api.w.org\/{rel}","templated":true}]}}