{"id":39229,"date":"2018-03-20T14:20:38","date_gmt":"2018-03-20T17:20:38","guid":{"rendered":"http:\/\/catolicanet.net\/wp-cnet\/?p=39229"},"modified":"2018-03-20T14:20:38","modified_gmt":"2018-03-20T17:20:38","slug":"ideologia-de-genero-um-prejuizo-para-as-criancas","status":"publish","type":"post","link":"https:\/\/catolicanet.net\/wp-cnet\/ideologia-de-genero-um-prejuizo-para-as-criancas\/","title":{"rendered":"Ideologia de g\u00eanero: um preju\u00edzo para as crian\u00e7as"},"content":{"rendered":"<h2 class=\"subtitle\">\u00c9 o que diz o Col\u00e9gio Americano de Pediatras<\/h2>\n<p>O Col\u00e9gio Americano de Pediatras, atrav\u00e9s de sua presidente, Michelle A. Cretella, o vice-presidente, Quentin Van Meter e o ex-chefe de Psiquiatria do Hospital de Cl\u00ednicas John Hopkins, Paul McHug, realizou um estudo em que foram abordados os perigos da transexualidade e da ideologia de g\u00eanero, com enfoque na transexualidade infantil.<\/p>\n<p>O estudo \u00e9 baseado puramente em dados cient\u00edficos e biol\u00f3gicos, deixando claro desde o princ\u00edpio que as ideologias n\u00e3o cabem em um documento cient\u00edfico. Trata-se de oito pontos fundamentais que demonstram de que maneira a ideologia de g\u00eanero prejudica as crian\u00e7as. Vejamos um resumo desses oito pontos:<\/p>\n<ol>\n<li><strong> A sexualidade humana \u00e9 um tra\u00e7o bin\u00e1rio, biol\u00f3gico e objetivo<\/strong>. Os genes XX e XY s\u00e3o identificadores gen\u00e9ticos de um estado de sa\u00fade, n\u00e3o de um transtorno. O que \u00e9 normal no plano gen\u00e9tico humano \u00e9 a concep\u00e7\u00e3o de homem ou mulher. A sexualidade humana est\u00e1 projetada de maneira bin\u00e1ria com a inten\u00e7\u00e3o evidente da reprodu\u00e7\u00e3o e multiplica\u00e7\u00e3o de nossa esp\u00e9cie.<\/li>\n<li><strong> Ningu\u00e9m nasce com g\u00eanero.<\/strong> Todo ser humano nasce com sexo biol\u00f3gico. Ningu\u00e9m nasce com a consci\u00eancia de si mesmo como homem ou mulher. Essa consci\u00eancia \u00e9 desenvolvida com o tempo e, como todo processo de desenvolvimento, pode ser influenciada pelas percep\u00e7\u00f5es subjetivas da inf\u00e2ncia. As pessoas que se identificam com \u201ca sensa\u00e7\u00e3o de pertencer ao sexo oposto\u201d ou \u201cem algum ponto intermedi\u00e1rio\u201d n\u00e3o formam um terceiro grupo sexual; continuam sendo homens e mulheres biol\u00f3gicos.<\/li>\n<li><strong> Quando um menino ou uma menina, biologicamente saud\u00e1veis, acreditam que pertencem ao sexo biol\u00f3gico oposto, produz-se um problema psicol\u00f3gico, n\u00e3o f\u00edsico.<\/strong> Portanto, deve ser tratado como tal. Essas crian\u00e7as sofrem disforia de g\u00eanero (DG), reconhecida como um transtorno mental na edi\u00e7\u00e3o mais recente do Manual de Diagn\u00f3sticos e Estat\u00edsticas da Associa\u00e7\u00e3o Americana de Pediatria (DSM-V).<\/li>\n<li><strong> O bloqueio dos horm\u00f4nios da puberdade pode ser muito perigoso.<\/strong> Bloquear estes tipos de horm\u00f4nios leva a pessoa a um estado de enfermidade, ou seja, provoca a aus\u00eancia de puberdade, inibindo, assim, o crescimento e a fertilidade de uma crian\u00e7a que, antes disso, era biologicamente saud\u00e1vel.<\/li>\n<li><strong> 98% dos rapazes e 86% das mo\u00e7as que, durante a inf\u00e2ncia, confundiam seu g\u00eanero acabam aceitando seu sexo<\/strong> biol\u00f3gico depois da puberdade. Os dados s\u00e3o do DSM-V (guia cl\u00ednico para psic\u00f3logos e psiquiatras).<\/li>\n<li><strong> A utiliza\u00e7\u00e3o de horm\u00f4nios sexuais do sexo oposto causa riscos para a sa\u00fade<\/strong>. A ingest\u00e3o de horm\u00f4nios pode alterar a press\u00e3o arterial, causar a forma\u00e7\u00e3o de co\u00e1gulos no sangue e provocar acidentes cerebrovasculares e c\u00e2ncer.<\/li>\n<li><strong> As taxas de suic\u00eddio s\u00e3o 20 vezes maiores<\/strong> nos adultos que usam horm\u00f4nios do sexo oposto ou se submetem a uma cirurgia de mudan\u00e7a de sexo.<\/li>\n<li><strong> Condicionar a educa\u00e7\u00e3o das crian\u00e7as<\/strong>, fazendo-as crer que a suplanta\u00e7\u00e3o do sexo biol\u00f3gico por cirurgias e produtos qu\u00edmicos \u00e9 algo normal e saud\u00e1vel \u00e9 abuso infantil.<\/li>\n<\/ol>\n<p>Enfim, endossar a ideologia de g\u00eanero de forma generalizada atrav\u00e9s da educa\u00e7\u00e3o p\u00fablica e da pol\u00edtica confundir\u00e1 tanto as crian\u00e7as quanto os pais, o que faz com que, cada vez mais, crian\u00e7as recorram \u00e0s \u201ccl\u00ednicas de g\u00eanero\u201d para receber medicamentos que bloqueiam os horm\u00f4nios da puberdade.<\/p>\n<p>Se quisermos ver meninos e meninas felizes desde a inf\u00e2ncia, a primeira regra que temos que respeitar \u00e9 a da natureza. Sem uma base saud\u00e1vel, como podemos garantir aos nossos filhos um desenvolvimento equilibrado?<\/p>\n<p>&nbsp;<\/p>\n<p>Fonte: Aleteia<\/p>\n","protected":false},"excerpt":{"rendered":"<p>\u00c9 o que diz o Col\u00e9gio Americano de Pediatras O Col\u00e9gio Americano de Pediatras, atrav\u00e9s de sua presidente, Michelle A. Cretella, o vice-presidente, Quentin Van Meter e o ex-chefe de Psiquiatria do Hospital de Cl\u00ednicas John Hopkins, Paul McHug, realizou um estudo em que foram abordados os perigos da transexualidade e da ideologia de g\u00eanero, [&hellip;]<\/p>\n","protected":false},"author":1,"featured_media":39230,"comment_status":"open","ping_status":"closed","sticky":false,"template":"","format":"standard","meta":{"footnotes":""},"categories":[4],"tags":[],"class_list":["post-39229","post","type-post","status-publish","format-standard","has-post-thumbnail","hentry","category-cotidiano"],"_links":{"self":[{"href":"https:\/\/catolicanet.net\/wp-cnet\/wp-json\/wp\/v2\/posts\/39229","targetHints":{"allow":["GET"]}}],"collection":[{"href":"https:\/\/catolicanet.net\/wp-cnet\/wp-json\/wp\/v2\/posts"}],"about":[{"href":"https:\/\/catolicanet.net\/wp-cnet\/wp-json\/wp\/v2\/types\/post"}],"author":[{"embeddable":true,"href":"https:\/\/catolicanet.net\/wp-cnet\/wp-json\/wp\/v2\/users\/1"}],"replies":[{"embeddable":true,"href":"https:\/\/catolicanet.net\/wp-cnet\/wp-json\/wp\/v2\/comments?post=39229"}],"version-history":[{"count":1,"href":"https:\/\/catolicanet.net\/wp-cnet\/wp-json\/wp\/v2\/posts\/39229\/revisions"}],"predecessor-version":[{"id":39231,"href":"https:\/\/catolicanet.net\/wp-cnet\/wp-json\/wp\/v2\/posts\/39229\/revisions\/39231"}],"wp:featuredmedia":[{"embeddable":true,"href":"https:\/\/catolicanet.net\/wp-cnet\/wp-json\/wp\/v2\/media\/39230"}],"wp:attachment":[{"href":"https:\/\/catolicanet.net\/wp-cnet\/wp-json\/wp\/v2\/media?parent=39229"}],"wp:term":[{"taxonomy":"category","embeddable":true,"href":"https:\/\/catolicanet.net\/wp-cnet\/wp-json\/wp\/v2\/categories?post=39229"},{"taxonomy":"post_tag","embeddable":true,"href":"https:\/\/catolicanet.net\/wp-cnet\/wp-json\/wp\/v2\/tags?post=39229"}],"curies":[{"name":"wp","href":"https:\/\/api.w.org\/{rel}","templated":true}]}}