{"id":39226,"date":"2018-03-20T14:06:41","date_gmt":"2018-03-20T17:06:41","guid":{"rendered":"http:\/\/catolicanet.net\/wp-cnet\/?p=39226"},"modified":"2018-03-20T14:06:41","modified_gmt":"2018-03-20T17:06:41","slug":"coleta-para-a-terra-santa-cardeal-sandri-nao-deixem-nossos-irmaos-sozinhos","status":"publish","type":"post","link":"https:\/\/catolicanet.net\/wp-cnet\/coleta-para-a-terra-santa-cardeal-sandri-nao-deixem-nossos-irmaos-sozinhos\/","title":{"rendered":"Coleta para a Terra Santa: Cardeal Sandri, n\u00e3o deixem nossos irm\u00e3os sozinhos"},"content":{"rendered":"<div class=\"article__subTitle\">O prefeito da Congrega\u00e7\u00e3o para as Igrejas Orientais, Card. Leonardo Sandri, ilustra ao Vatican News o sentido da coleta da Sexta-feira Santa realizada pela Igreja em prol de todo o Oriente M\u00e9dio.<\/div>\n<div class=\"title__separator\"><\/div>\n<div class=\"article__text\">\n<p><b>Cidade do Vaticano<\/b><\/p>\n<p>Na pr\u00f3xima Sexta-feira Santa volta a \u201cColletta pro Terra Sancta\u201d, iniciativa com a qual a Igreja recolhe as ofertas para os Lugares Santos. \u201c\u00c9 uma ocasi\u00e3o preciosa para estamos juntos com nossos irm\u00e3os\u201d, escreve o cardeal Sandri, em uma carta endere\u00e7ada aos bispos para motivar a caridade das Igrejas de todo o mundo.<\/p>\n<h2><b>Os crist\u00e3os do Oriente M\u00e9dio<\/b><\/h2>\n<p>Trata-se, esclarece o cardeal argentino, de pessoas \u201cque perderam tudo, \u00e0s vezes at\u00e9 mesmo a pr\u00f3pria dignidade humana\u201d. O cardeal Sandri recorda em particular da \u201cpequena comunidade crist\u00e3 do Oriente M\u00e9dio que continua a sustentar a f\u00e9 entre os desalojados no Iraque e na S\u00edria ou entre os refugiados na Jord\u00e2nia e L\u00edbano auxiliados pelos seus pastores, religiosos e volunt\u00e1rios de v\u00e1rios pa\u00edses\u201d.<\/p>\n<h2><b>Sofrimentos indescrit\u00edveis para os que migram<\/b><\/h2>\n<p>\u201cInfelizmente muitos deles \u2013 afirma o cardeal Sandri \u2013 devem viver n\u00e3o s\u00f3 com a imagem da Sagrada Fam\u00edlia que foge de Herodes, mas tamb\u00e9m de todos os que, com uma trouxa nas costas, fugiram emigrando em condi\u00e7\u00f5es desumanas, com sofrimentos indescrit\u00edveis pela separa\u00e7\u00e3o das fam\u00edlias\u201d.<\/p>\n<h2><b>A coleta do ano passado<\/b><\/h2>\n<p>Em 2017, foram recolhidos 5.531.899,22 d\u00f3lares, aos quais somam-se 1.423.251,78 euros. Segundo as normas, a Cust\u00f3dia da Terra Santa recebe cerca de 65%, e a parte recebida pela Congrega\u00e7\u00e3o para as Igrejas Orientais \u00e9 usada para a forma\u00e7\u00e3o dos candidatos ao sacerd\u00f3cio, o sustento do clero, a forma\u00e7\u00e3o escolar e cultural e os subs\u00eddios \u00e0s v\u00e1rias circunscri\u00e7\u00f5es eclesi\u00e1sticas no Oriente M\u00e9dio. \u201cN\u00e3o podemos deix\u00e1-los sozinhos. Temos \u2013 conclui o cardeal Leonardo Sandri \u2013 uma responsabilidade para com eles, ajudemos mesmo com um euro\u201d.<\/p>\n<p>&nbsp;<\/p>\n<p>Fonte: R\u00e1dio Vaticano<\/p>\n<\/div>\n","protected":false},"excerpt":{"rendered":"<p>O prefeito da Congrega\u00e7\u00e3o para as Igrejas Orientais, Card. Leonardo Sandri, ilustra ao Vatican News o sentido da coleta da Sexta-feira Santa realizada pela Igreja em prol de todo o Oriente M\u00e9dio. Cidade do Vaticano Na pr\u00f3xima Sexta-feira Santa volta a \u201cColletta pro Terra Sancta\u201d, iniciativa com a qual a Igreja recolhe as ofertas para [&hellip;]<\/p>\n","protected":false},"author":1,"featured_media":39227,"comment_status":"open","ping_status":"closed","sticky":false,"template":"","format":"standard","meta":{"footnotes":""},"categories":[3],"tags":[],"class_list":["post-39226","post","type-post","status-publish","format-standard","has-post-thumbnail","hentry","category-vaticano"],"_links":{"self":[{"href":"https:\/\/catolicanet.net\/wp-cnet\/wp-json\/wp\/v2\/posts\/39226","targetHints":{"allow":["GET"]}}],"collection":[{"href":"https:\/\/catolicanet.net\/wp-cnet\/wp-json\/wp\/v2\/posts"}],"about":[{"href":"https:\/\/catolicanet.net\/wp-cnet\/wp-json\/wp\/v2\/types\/post"}],"author":[{"embeddable":true,"href":"https:\/\/catolicanet.net\/wp-cnet\/wp-json\/wp\/v2\/users\/1"}],"replies":[{"embeddable":true,"href":"https:\/\/catolicanet.net\/wp-cnet\/wp-json\/wp\/v2\/comments?post=39226"}],"version-history":[{"count":1,"href":"https:\/\/catolicanet.net\/wp-cnet\/wp-json\/wp\/v2\/posts\/39226\/revisions"}],"predecessor-version":[{"id":39228,"href":"https:\/\/catolicanet.net\/wp-cnet\/wp-json\/wp\/v2\/posts\/39226\/revisions\/39228"}],"wp:featuredmedia":[{"embeddable":true,"href":"https:\/\/catolicanet.net\/wp-cnet\/wp-json\/wp\/v2\/media\/39227"}],"wp:attachment":[{"href":"https:\/\/catolicanet.net\/wp-cnet\/wp-json\/wp\/v2\/media?parent=39226"}],"wp:term":[{"taxonomy":"category","embeddable":true,"href":"https:\/\/catolicanet.net\/wp-cnet\/wp-json\/wp\/v2\/categories?post=39226"},{"taxonomy":"post_tag","embeddable":true,"href":"https:\/\/catolicanet.net\/wp-cnet\/wp-json\/wp\/v2\/tags?post=39226"}],"curies":[{"name":"wp","href":"https:\/\/api.w.org\/{rel}","templated":true}]}}