{"id":39159,"date":"2018-03-19T14:40:21","date_gmt":"2018-03-19T17:40:21","guid":{"rendered":"http:\/\/catolicanet.net\/wp-cnet\/?p=39159"},"modified":"2018-03-19T14:40:21","modified_gmt":"2018-03-19T17:40:21","slug":"leiria-fatima-milhares-peregrinaram-a-cova-da-iria-em-dia-de-festa-para-a-diocese","status":"publish","type":"post","link":"https:\/\/catolicanet.net\/wp-cnet\/leiria-fatima-milhares-peregrinaram-a-cova-da-iria-em-dia-de-festa-para-a-diocese\/","title":{"rendered":"Leiria-F\u00e1tima: Milhares peregrinaram \u00e0 Cova da Iria em dia de festa para a diocese"},"content":{"rendered":"<p>F\u00e1tima, 19 mar 2018 (Ecclesia) \u2013 O bispo de Leiria-F\u00e1tima, D. Ant\u00f3nio Marto, presidiu este domingo \u00e0 86.\u00aa peregrina\u00e7\u00e3o da diocese ao santu\u00e1rio da Cova da Iria, desafiando os participantes a construir uma \u201chumanidade nova\u201d.<\/p>\n<p>\u201cQueremos ver Jesus? Queremos ver o seu amor, capaz de gerar um povo novo, uma humanidade nova, que viva a fraternidade entre todos os que s\u00e3o filhos de Deus? E o que \u00e9 que temos n\u00f3s para mostrar Jesus?\u201d, perguntou, na homilia da celebra\u00e7\u00e3o.<\/p>\n<p>A interven\u00e7\u00e3o, divulgada pela sala de imprensa do Santu\u00e1rio de F\u00e1tima, desafiou os participantes a dar \u201ctestemunho de f\u00e9, em vidas configuradas em Jesus, atrav\u00e9s do amor, da caridade, da dedica\u00e7\u00e3o, da entrega, da doa\u00e7\u00e3o e da solidariedade com os mais necessitados, e da luta pela justi\u00e7a e pela paz\u201d.<\/p>\n<p>A peregrina\u00e7\u00e3o tinha como tema \u201cA alegria de ser Igreja em caminho com Maria\u201d e mobilizou as comunidades cat\u00f3licas de Leiria-F\u00e1tima desde cedo, em volta da Capelinha das Apari\u00e7\u00f5es.<\/p>\n<p>D. Ant\u00f3nio Marto <a href=\"http:\/\/www.fatima.pt\/pt\/news\/d-antonio-marto-desafia-peregrinos-a-serem-discipulos-missionarios\" target=\"_blank\" rel=\"noopener\">sublinhou<\/a>, na sua homilia, o amor presente no Mist\u00e9rio da Cruz, onde Jesus, pela morte e ressurrei\u00e7\u00e3o, mostra a cada batizado um \u201camor totalmente entregue, gerador de um novo cora\u00e7\u00e3o, de uma nova alian\u00e7a e de uma nova esperan\u00e7a\u201d.<\/p>\n<p>O bispo pediu a intercess\u00e3o de Nossa Senhora para a realiza\u00e7\u00e3o de uma \u201cIgreja mission\u00e1ria\u201d.<\/p>\n<p>A peregrina\u00e7\u00e3o contou com a presen\u00e7a de cerca de 800 escuteiros de Leiria-F\u00e1tima, que acompanharam a b\u00ean\u00e7\u00e3o da nova ins\u00edgnia regional, \u201cCNE Leiria-F\u00e1tima\u201d, pelo bispo diocesano.<\/p>\n<p>A Eucaristia deste domingo foi celebrada no Recinto de Ora\u00e7\u00e3o do Santu\u00e1rio.<\/p>\n<p>&nbsp;<\/p>\n<p>Fonte: Agencia Ecclesia<\/p>\n","protected":false},"excerpt":{"rendered":"<p>F\u00e1tima, 19 mar 2018 (Ecclesia) \u2013 O bispo de Leiria-F\u00e1tima, D. Ant\u00f3nio Marto, presidiu este domingo \u00e0 86.\u00aa peregrina\u00e7\u00e3o da diocese ao santu\u00e1rio da Cova da Iria, desafiando os participantes a construir uma \u201chumanidade nova\u201d. \u201cQueremos ver Jesus? Queremos ver o seu amor, capaz de gerar um povo novo, uma humanidade nova, que viva a [&hellip;]<\/p>\n","protected":false},"author":1,"featured_media":39160,"comment_status":"open","ping_status":"closed","sticky":false,"template":"","format":"standard","meta":{"footnotes":""},"categories":[4],"tags":[],"class_list":["post-39159","post","type-post","status-publish","format-standard","has-post-thumbnail","hentry","category-cotidiano"],"_links":{"self":[{"href":"https:\/\/catolicanet.net\/wp-cnet\/wp-json\/wp\/v2\/posts\/39159","targetHints":{"allow":["GET"]}}],"collection":[{"href":"https:\/\/catolicanet.net\/wp-cnet\/wp-json\/wp\/v2\/posts"}],"about":[{"href":"https:\/\/catolicanet.net\/wp-cnet\/wp-json\/wp\/v2\/types\/post"}],"author":[{"embeddable":true,"href":"https:\/\/catolicanet.net\/wp-cnet\/wp-json\/wp\/v2\/users\/1"}],"replies":[{"embeddable":true,"href":"https:\/\/catolicanet.net\/wp-cnet\/wp-json\/wp\/v2\/comments?post=39159"}],"version-history":[{"count":1,"href":"https:\/\/catolicanet.net\/wp-cnet\/wp-json\/wp\/v2\/posts\/39159\/revisions"}],"predecessor-version":[{"id":39161,"href":"https:\/\/catolicanet.net\/wp-cnet\/wp-json\/wp\/v2\/posts\/39159\/revisions\/39161"}],"wp:featuredmedia":[{"embeddable":true,"href":"https:\/\/catolicanet.net\/wp-cnet\/wp-json\/wp\/v2\/media\/39160"}],"wp:attachment":[{"href":"https:\/\/catolicanet.net\/wp-cnet\/wp-json\/wp\/v2\/media?parent=39159"}],"wp:term":[{"taxonomy":"category","embeddable":true,"href":"https:\/\/catolicanet.net\/wp-cnet\/wp-json\/wp\/v2\/categories?post=39159"},{"taxonomy":"post_tag","embeddable":true,"href":"https:\/\/catolicanet.net\/wp-cnet\/wp-json\/wp\/v2\/tags?post=39159"}],"curies":[{"name":"wp","href":"https:\/\/api.w.org\/{rel}","templated":true}]}}