{"id":39093,"date":"2018-03-17T08:15:52","date_gmt":"2018-03-17T11:15:52","guid":{"rendered":"http:\/\/catolicanet.net\/wp-cnet\/?p=39093"},"modified":"2018-03-16T15:20:38","modified_gmt":"2018-03-16T18:20:38","slug":"vocacao-resposta-da-pessoa-a-deus","status":"publish","type":"post","link":"https:\/\/catolicanet.net\/wp-cnet\/vocacao-resposta-da-pessoa-a-deus\/","title":{"rendered":"Voca\u00e7\u00e3o, resposta da pessoa a Deus"},"content":{"rendered":"<p>Continuamos o nosso tr\u00edduo de ora\u00e7\u00f5es e reflex\u00f5es sobre o sacerd\u00f3cio ministerial junto com as nossas comunidades adiantando a comemora\u00e7\u00e3o da institui\u00e7\u00e3o do sacerd\u00f3cio na pr\u00f3xima quinta-feira Santa. Isso o fazemos em torno do padroeiro do Semin\u00e1rio, S\u00e3o Jos\u00e9. A Sagrada Escritura nos mostra em in\u00fameros casos como Deus d\u00e1 ao homem uma voca\u00e7\u00e3o, atrav\u00e9s de um chamado, e, pacientemente, espera pela sua resposta.<\/p>\n<p>A palavra voca\u00e7\u00e3o prov\u00e9m do substantivo latino \u201cvocatio\u201d, que significa chamado, convoca\u00e7\u00e3o. Quando a pessoa corresponde a esse chamado, produz-se uma uni\u00e3o entre o humano e o divino, entre o tempo e a eternidade, entre a criatura e o Criador. \u00c9 atrav\u00e9s da voca\u00e7\u00e3o espec\u00edfica de cada um que Deus entra em di\u00e1logo com o escolhido, dando-lhe oportunidade de tra\u00e7ar um projeto de vida orientado ao seu pr\u00f3prio bem e ao do conjunto do qual faz parte. Por meio da voca\u00e7\u00e3o o homem colabora, de alguma maneira, na constru\u00e7\u00e3o do Reino de Deus no mundo.<\/p>\n<p>Deus est\u00e1 muito perto de n\u00f3s. Deus caminha conosco. Deus \u00e9 sens\u00edvel aos acontecimentos que envolvem nossa vida. O livro do \u00caxodo 3,7-10 apresenta este caminho de Deus que nos acompanha em nossa caminhada. Ele v\u00ea, fala, ouve e tem sensibilidade com o sofrimento dos outros. Deus toma partido. Diante da injusti\u00e7a e da opress\u00e3o, tamb\u00e9m se indigna. O Redentor quer seu povo redimido!<\/p>\n<p>Deus chamou No\u00e9 e lhe deu uma tarefa, aos olhos dos demais uma loucura, mas Deus provou que n\u00e3o era assim. \u00c0 resposta de No\u00e9, Deus se faz presente e o engrandece.<\/p>\n<p>Deus chamou Jeremias, que queria se esquivar do chamado: \u201cSenhor, eu n\u00e3o sei falar, sou ainda uma crian\u00e7a (cf. Jr 1,6) \u201cEis que ponho as minhas palavras na tua boca\u201d(cf. Jr 1,9).<\/p>\n<p>Deus chamou Jonas e o mandou anunciar. E assim Deus chamou tantos outros e os dotou com a for\u00e7a da sua palavra, a arma maior.<\/p>\n<p>Um chamado especial Deus faz a Maria Sant\u00edssima e esperava a sua resposta e inicia uma obra nova atrav\u00e9s de seu Sim.<\/p>\n<p>Maria nos traz Jesus, palavra encarnada do Pai, que por sua vez chama tantos outros para o seguir e anunciar sua Palavra de Vida.<\/p>\n<p>Hoje, Deus continua chamando. Muitos chamados ainda hoje respondem \u201csim\u201d ao Senhor e experimentam maravilhas. Homens e mulheres, santos e santas se comportam assim, sempre atentos \u00e0 Palavra do Senhor. Hoje s\u00e3o muitos os que s\u00e3o chamados. Hoje tamb\u00e9m voc\u00ea \u00e9 chamado em sua voca\u00e7\u00e3o.<\/p>\n<p>Voca\u00e7\u00e3o ao matrim\u00f4nio na cria\u00e7\u00e3o e encaminhamento de filhos e filhas de Deus que s\u00e3o confiados aos seus cuidados. Voca\u00e7\u00e3o \u00e0 vida religiosa, consagrados ou n\u00e3o. Voca\u00e7\u00e3o ao minist\u00e9rio ordenado.<\/p>\n<p>O Papa Bento XVI alertou sobre a import\u00e2ncia da promo\u00e7\u00e3o da Pastoral Vocacional nas Dioceses: \u201c\u00c9 preciso que cada Igreja local se torne cada vez mais sens\u00edvel e atenta \u00e0 pastoral vocacional, educando em \u00e2mbito pessoal, familiar, paroquial e associativo, sobretudo os adolescentes e os jovens \u2013 como Jesus fez com os disc\u00edpulos \u2013 para maturarem uma amizade genu\u00edna e afetuosa com o Senhor, cultivada na ora\u00e7\u00e3o pessoal e lit\u00fargica; para aprenderem a escuta atenta e frutuosa da Palavra de Deus, atrav\u00e9s de uma familiaridade crescente com as Sagradas Escrituras; para compreenderem que entrar na vontade de Deus n\u00e3o aniquila nem destr\u00f3i a pessoa, mas permite descobrir e seguir a verdade mais profunda de si mesmos; para viverem a gratuidade e a fraternidade nas rela\u00e7\u00f5es com os outros, porque s\u00f3 abrindo-se ao amor de Deus \u00e9 que se encontra a verdadeira alegria e a plena realiza\u00e7\u00e3o das pr\u00f3prias aspira\u00e7\u00f5es. \u00abPropor as voca\u00e7\u00f5es na Igreja local\u00bb significa ter a coragem de indicar, atrav\u00e9s de uma pastoral vocacional atenta e adequada, este caminho exigente do seguimento de Cristo, que, rico de sentido, \u00e9 capaz de envolver toda a vida\u201d. (<a href=\"https:\/\/w2.vatican.va\/content\/benedict-xvi\/pt\/messages\/vocations\/documents\/hf_ben-xvi_mes_20101115_xlviii-vocations.html\">https:\/\/w2.vatican.va\/content\/benedict-xvi\/pt\/messages\/vocations\/documents\/hf_ben-xvi_mes_20101115_xlviii-vocations.html<\/a>. \u00daltimo acesso em 09 de mar\u00e7o de 2018).<\/p>\n<p>Rezemos pela santifica\u00e7\u00e3o do clero. A primeira obriga\u00e7\u00e3o do presb\u00edtero <strong>\u00e9 anunciar o Evangelho e a celebra\u00e7\u00e3o dos sacramentos, em especial a Eucaristia.<\/strong> Depois do Conc\u00edlio Vaticano II se produziu aqui e ali a impress\u00e3o de que a miss\u00e3o do sacerdote em nosso tempo fosse qualquer coisa de mais urgente que o an\u00fancio da Palavra e a administra\u00e7\u00e3o dos sacramentos, porque houve quem pensasse que se devesse em primeiro lugar construir uma sociedade diferente. Bento XVI j\u00e1 advertia que devem ser os \u201celementos sempre essenciais\u201d do minist\u00e9rio sacerdotal: \u201cAn\u00fancio e poder, isto \u00e9, Palavra e sacramento\u201d, que s\u00e3o \u201cos dois pilares fundamentais do servi\u00e7o sacerdotal, para al\u00e9m de suas poss\u00edveis e m\u00faltiplas configura\u00e7\u00f5es\u201d sem os quais \u201cse torna muito dif\u00edcil compreender a identidade\u00a0 do presb\u00edtero e de seu minist\u00e9rio na Igreja\u201d. Ao faze-lo e com a mudan\u00e7a de cora\u00e7\u00e3o e mentalidade na vida de convers\u00e3o, as consequ\u00eancias ser\u00e3o tamb\u00e9m o cont\u00e1gio com o bem o mundo de hoje.<\/p>\n<p>A nossa primeira voca\u00e7\u00e3o, como batizados, \u00e9 a da ora\u00e7\u00e3o pela Igreja. E, na Igreja Particular, se concretiza a Igreja Cat\u00f3lica, por isso n\u00e3o nos descuidemos de rezar pelos nossos padres, mas, tamb\u00e9m, por toda a Igreja.<\/p>\n<p>Chamados gerais para obter respostas pessoais. Deus continua chamando. Qual ser\u00e1 a sua resposta?<\/p>\n","protected":false},"excerpt":{"rendered":"<p>Continuamos o nosso tr\u00edduo de ora\u00e7\u00f5es e reflex\u00f5es sobre o sacerd\u00f3cio ministerial junto com as nossas comunidades adiantando a comemora\u00e7\u00e3o da institui\u00e7\u00e3o do sacerd\u00f3cio na pr\u00f3xima quinta-feira Santa. Isso o fazemos em torno do padroeiro do Semin\u00e1rio, S\u00e3o Jos\u00e9. A Sagrada Escritura nos mostra em in\u00fameros casos como Deus d\u00e1 ao homem uma voca\u00e7\u00e3o, atrav\u00e9s [&hellip;]<\/p>\n","protected":false},"author":5,"featured_media":32777,"comment_status":"open","ping_status":"closed","sticky":false,"template":"","format":"standard","meta":{"footnotes":""},"categories":[9],"tags":[],"class_list":["post-39093","post","type-post","status-publish","format-standard","has-post-thumbnail","hentry","category-artigos"],"_links":{"self":[{"href":"https:\/\/catolicanet.net\/wp-cnet\/wp-json\/wp\/v2\/posts\/39093","targetHints":{"allow":["GET"]}}],"collection":[{"href":"https:\/\/catolicanet.net\/wp-cnet\/wp-json\/wp\/v2\/posts"}],"about":[{"href":"https:\/\/catolicanet.net\/wp-cnet\/wp-json\/wp\/v2\/types\/post"}],"author":[{"embeddable":true,"href":"https:\/\/catolicanet.net\/wp-cnet\/wp-json\/wp\/v2\/users\/5"}],"replies":[{"embeddable":true,"href":"https:\/\/catolicanet.net\/wp-cnet\/wp-json\/wp\/v2\/comments?post=39093"}],"version-history":[{"count":1,"href":"https:\/\/catolicanet.net\/wp-cnet\/wp-json\/wp\/v2\/posts\/39093\/revisions"}],"predecessor-version":[{"id":39094,"href":"https:\/\/catolicanet.net\/wp-cnet\/wp-json\/wp\/v2\/posts\/39093\/revisions\/39094"}],"wp:featuredmedia":[{"embeddable":true,"href":"https:\/\/catolicanet.net\/wp-cnet\/wp-json\/wp\/v2\/media\/32777"}],"wp:attachment":[{"href":"https:\/\/catolicanet.net\/wp-cnet\/wp-json\/wp\/v2\/media?parent=39093"}],"wp:term":[{"taxonomy":"category","embeddable":true,"href":"https:\/\/catolicanet.net\/wp-cnet\/wp-json\/wp\/v2\/categories?post=39093"},{"taxonomy":"post_tag","embeddable":true,"href":"https:\/\/catolicanet.net\/wp-cnet\/wp-json\/wp\/v2\/tags?post=39093"}],"curies":[{"name":"wp","href":"https:\/\/api.w.org\/{rel}","templated":true}]}}