{"id":39028,"date":"2018-03-13T15:12:49","date_gmt":"2018-03-13T18:12:49","guid":{"rendered":"http:\/\/catolicanet.net\/wp-cnet\/?p=39028"},"modified":"2018-03-13T15:12:49","modified_gmt":"2018-03-13T18:12:49","slug":"papa-francisco-doa-terco-que-usou-no-paraguai-para-retrato-de-chiquitunga","status":"publish","type":"post","link":"https:\/\/catolicanet.net\/wp-cnet\/papa-francisco-doa-terco-que-usou-no-paraguai-para-retrato-de-chiquitunga\/","title":{"rendered":"Papa Francisco doa ter\u00e7o que usou no Paraguai para retrato de Chiquitunga"},"content":{"rendered":"<p>SABER DESFRUTAR A VIDA<br \/>\nASSUN\u00c7\u00c3O, 13 Mar. 18 \/ 01:00 pm (ACI).- O Papa Francisco doou o ter\u00e7o que usou durante sua visita ao Paraguai em julho de 2015, para ser usado no retrato da futura Beata Maria Felicia de Jesus Sacramentado, conhecida como Chiquitunga, e que estar\u00e1 no altar durante a cerim\u00f4nia de beatifica\u00e7\u00e3o.<\/p>\n<p>A entrega do ter\u00e7o foi realizada em 8 de mar\u00e7o de 2017 pelo N\u00fancio Apost\u00f3lico no Paraguai, Dom Eliseo Ariotti, a Delfin Ruiz P\u00e9rez conhecido como \u201cKoki Ruiz\u201d, artista que desenhar\u00e1 o retrato que ser\u00e1 exibido durante a cerim\u00f4nia de beatifica\u00e7\u00e3o no pr\u00f3ximo dia 23 de junho.<\/p>\n<p>O ter\u00e7o elaborado de madeira marrom claro e com um crucifixo de metal, foi jogado por uma senhora ao Papa Francisco no dia em que ele chegou ao Paraguai. O Santo Padre pegou o ter\u00e7o e rezou com ele durante a sua perman\u00eancia no pa\u00eds.<\/p>\n<p>Depois de anunciar a campanha para coletar ter\u00e7os para o altar da Vener\u00e1vel Maria Felicia, Dom Ariotti consultou o Santo Padre sobre a possibilidade da doa\u00e7\u00e3o e ele autorizou.<\/p>\n<p>O ter\u00e7o foi entregue ao artista com uma mensagem que diz: \u201cEste ter\u00e7o foi usado pelo Santo Padre durante a sua perman\u00eancia nesta Nunciatura Apost\u00f3lica\u201d.<\/p>\n<p>O artista coletou mais de 20 mil ter\u00e7os de Israel, Jerusal\u00e9m, It\u00e1lia, Espanha, Argentina, Estados Unidos e v\u00e1rias cidades do Paraguai.<\/p>\n<p>A beatifica\u00e7\u00e3o de Maria Felicia de Jesus Sacramentado ser\u00e1 em 23 de junho no Est\u00e1dio Club Cerro Porte\u00f1o de Assun\u00e7\u00e3o e ser\u00e1 presidida pelo Prefeito da Congrega\u00e7\u00e3o para as Causas dos Santos, Cardeal Angelo Amato.<\/p>\n<p>&nbsp;<\/p>\n<p>Fonte: Acidigital<\/p>\n","protected":false},"excerpt":{"rendered":"<p>SABER DESFRUTAR A VIDA ASSUN\u00c7\u00c3O, 13 Mar. 18 \/ 01:00 pm (ACI).- O Papa Francisco doou o ter\u00e7o que usou durante sua visita ao Paraguai em julho de 2015, para ser usado no retrato da futura Beata Maria Felicia de Jesus Sacramentado, conhecida como Chiquitunga, e que estar\u00e1 no altar durante a cerim\u00f4nia de beatifica\u00e7\u00e3o. [&hellip;]<\/p>\n","protected":false},"author":1,"featured_media":39030,"comment_status":"open","ping_status":"closed","sticky":false,"template":"","format":"standard","meta":{"footnotes":""},"categories":[4],"tags":[],"class_list":["post-39028","post","type-post","status-publish","format-standard","has-post-thumbnail","hentry","category-cotidiano"],"_links":{"self":[{"href":"https:\/\/catolicanet.net\/wp-cnet\/wp-json\/wp\/v2\/posts\/39028","targetHints":{"allow":["GET"]}}],"collection":[{"href":"https:\/\/catolicanet.net\/wp-cnet\/wp-json\/wp\/v2\/posts"}],"about":[{"href":"https:\/\/catolicanet.net\/wp-cnet\/wp-json\/wp\/v2\/types\/post"}],"author":[{"embeddable":true,"href":"https:\/\/catolicanet.net\/wp-cnet\/wp-json\/wp\/v2\/users\/1"}],"replies":[{"embeddable":true,"href":"https:\/\/catolicanet.net\/wp-cnet\/wp-json\/wp\/v2\/comments?post=39028"}],"version-history":[{"count":1,"href":"https:\/\/catolicanet.net\/wp-cnet\/wp-json\/wp\/v2\/posts\/39028\/revisions"}],"predecessor-version":[{"id":39031,"href":"https:\/\/catolicanet.net\/wp-cnet\/wp-json\/wp\/v2\/posts\/39028\/revisions\/39031"}],"wp:featuredmedia":[{"embeddable":true,"href":"https:\/\/catolicanet.net\/wp-cnet\/wp-json\/wp\/v2\/media\/39030"}],"wp:attachment":[{"href":"https:\/\/catolicanet.net\/wp-cnet\/wp-json\/wp\/v2\/media?parent=39028"}],"wp:term":[{"taxonomy":"category","embeddable":true,"href":"https:\/\/catolicanet.net\/wp-cnet\/wp-json\/wp\/v2\/categories?post=39028"},{"taxonomy":"post_tag","embeddable":true,"href":"https:\/\/catolicanet.net\/wp-cnet\/wp-json\/wp\/v2\/tags?post=39028"}],"curies":[{"name":"wp","href":"https:\/\/api.w.org\/{rel}","templated":true}]}}