{"id":39022,"date":"2018-03-13T13:20:41","date_gmt":"2018-03-13T16:20:41","guid":{"rendered":"http:\/\/catolicanet.net\/wp-cnet\/?p=39022"},"modified":"2018-03-13T13:20:41","modified_gmt":"2018-03-13T16:20:41","slug":"saber-desfrutar-a-vida","status":"publish","type":"post","link":"https:\/\/catolicanet.net\/wp-cnet\/saber-desfrutar-a-vida\/","title":{"rendered":"Saber desfrutar a vida"},"content":{"rendered":"<p>Vive-se hoje numa sociedade ultrarr\u00e1pida que impulsiona para o futuro com uma rapidez desconcertante.<\/p>\n<p>O cotidiano passa velozmente exigindo resultados imediatos e, por\u00a0 vezes, muitos se entregam a uma fuga atrav\u00e9s de passatempos que malbaratam a pr\u00f3pria exist\u00eancia.<\/p>\n<p>Trata-se de um mundo cheio de possibilidades como o atual, mas que leva facilmente para a dispers\u00e3o. Nada mais importante, portanto, do que saber desfrutar a vida.<\/p>\n<p>Isto sup\u00f5e antes de tudo captar plenamente a pr\u00f3pria miss\u00e3o e voca\u00e7\u00e3o pessoal.<\/p>\n<p>Da\u00ed resulta o aproveitamento m\u00e1ximo do tempo existencial, dilatando a capacidade de ser persistente na viv\u00eancia do objetivo vislumbrado.<\/p>\n<p>A\u00ed entra a resili\u00eancia, ou a aptid\u00e3o de ser firme.<\/p>\n<p>Ent\u00e3o se passa a viver ao m\u00e1ximo o instante presente, ou seja, o <em>hic et nunc, <\/em>o aqui e agora.<\/p>\n<p>Impede-se deste modo o arrependimento pelas horas perdidas.<\/p>\n<p>Eis o significado do <em>carpe diem quam minimum credula postero<\/em> \u2013 colha o dia de hoje e confie o m\u00ednimo poss\u00edvel no amanh\u00e3. Para quem tem um objetivo claro este conselho horaciano leva a valorizar cada minuto, evitando a escraviza\u00e7\u00e3o \u00e0s atividades in\u00fateis.<\/p>\n<p>Muito tempo se perde no uso descontrolado do computador, do celular ou da internet em geral.<\/p>\n<p>Verifica-se, desta maneira, o empobrecimento pessoal, porque fica impedido aquilo que se poderia realizar de \u00fatil, atrav\u00e9s do enriquecimento individual, fazendo o mundo melhor.<\/p>\n<p>N\u00e3o se deve ter medo da vida, mas \u00e9 de bom alvitre recear n\u00e3o viv\u00ea-la intensamente.<\/p>\n<p>Progresso ininterrupto, mas n\u00e3o depois, e sim neste lugar em que se est\u00e1, nesta hora que est\u00e1 sendo oferecida por Deus.<\/p>\n<p>Todo adiamento \u00e9 sempre pernicioso para si e para os outros.<\/p>\n<p>Ser venturoso agora e n\u00e3o deixar a felicidade para depois \u00e9 uma medida s\u00e1bia e necess\u00e1ria para que o porvir seja risonho e saud\u00e1vel.<\/p>\n<p>Raz\u00e3o teve Camus ao lembrar: \u201cA verdadeira generosidade para com o futuro consiste em dar tudo ao presente\u201d.<\/p>\n<p>Pensar no ontem apenas para corrigir o que se fez de errado e deixar o vindouro nas m\u00e3os da provid\u00eancia divina \u00e9 curtir com sabedoria a caminhada nesta terra.<\/p>\n<p>Evitam-se, deste modo, tamb\u00e9m os condicionamentos de uma sociedade de consumo, materialista, que leva o ser humano a nunca estar satisfeito com o que tem, impedindo-o de desenvolver as qualidades que possui.<\/p>\n<p>Por tudo isto nada melhor do que momentos de reflex\u00e3o visando o desenvolvimento pessoal \u00e0 luz dos ensinamentos do Mestre divino, Jesus Cristo.<\/p>\n<p>Depara-se, deste modo, o equil\u00edbrio no cotidiano. Atinge-se o sentido do viver, a miss\u00e3o pessoal neste mundo, a fixa\u00e7\u00e3o de objetivos para progredir cada vez mais, desfrutando verdadeiramente a vida.<\/p>\n","protected":false},"excerpt":{"rendered":"<p>Vive-se hoje numa sociedade ultrarr\u00e1pida que impulsiona para o futuro com uma rapidez desconcertante. O cotidiano passa velozmente exigindo resultados imediatos e, por\u00a0 vezes, muitos se entregam a uma fuga atrav\u00e9s de passatempos que malbaratam a pr\u00f3pria exist\u00eancia. Trata-se de um mundo cheio de possibilidades como o atual, mas que leva facilmente para a dispers\u00e3o. [&hellip;]<\/p>\n","protected":false},"author":7,"featured_media":32782,"comment_status":"open","ping_status":"closed","sticky":false,"template":"","format":"standard","meta":{"footnotes":""},"categories":[9],"tags":[],"class_list":["post-39022","post","type-post","status-publish","format-standard","has-post-thumbnail","hentry","category-artigos"],"_links":{"self":[{"href":"https:\/\/catolicanet.net\/wp-cnet\/wp-json\/wp\/v2\/posts\/39022","targetHints":{"allow":["GET"]}}],"collection":[{"href":"https:\/\/catolicanet.net\/wp-cnet\/wp-json\/wp\/v2\/posts"}],"about":[{"href":"https:\/\/catolicanet.net\/wp-cnet\/wp-json\/wp\/v2\/types\/post"}],"author":[{"embeddable":true,"href":"https:\/\/catolicanet.net\/wp-cnet\/wp-json\/wp\/v2\/users\/7"}],"replies":[{"embeddable":true,"href":"https:\/\/catolicanet.net\/wp-cnet\/wp-json\/wp\/v2\/comments?post=39022"}],"version-history":[{"count":1,"href":"https:\/\/catolicanet.net\/wp-cnet\/wp-json\/wp\/v2\/posts\/39022\/revisions"}],"predecessor-version":[{"id":39023,"href":"https:\/\/catolicanet.net\/wp-cnet\/wp-json\/wp\/v2\/posts\/39022\/revisions\/39023"}],"wp:featuredmedia":[{"embeddable":true,"href":"https:\/\/catolicanet.net\/wp-cnet\/wp-json\/wp\/v2\/media\/32782"}],"wp:attachment":[{"href":"https:\/\/catolicanet.net\/wp-cnet\/wp-json\/wp\/v2\/media?parent=39022"}],"wp:term":[{"taxonomy":"category","embeddable":true,"href":"https:\/\/catolicanet.net\/wp-cnet\/wp-json\/wp\/v2\/categories?post=39022"},{"taxonomy":"post_tag","embeddable":true,"href":"https:\/\/catolicanet.net\/wp-cnet\/wp-json\/wp\/v2\/tags?post=39022"}],"curies":[{"name":"wp","href":"https:\/\/api.w.org\/{rel}","templated":true}]}}