{"id":3900,"date":"2014-01-11T03:00:00","date_gmt":"2014-01-11T05:00:00","guid":{"rendered":"http:\/\/catolicanet.net\/wp-cnet\/eis-o-cordeiro-de-deus\/"},"modified":"2017-03-24T16:24:41","modified_gmt":"2017-03-24T19:24:41","slug":"eis-o-cordeiro-de-deus","status":"publish","type":"post","link":"https:\/\/catolicanet.net\/wp-cnet\/eis-o-cordeiro-de-deus\/","title":{"rendered":"Eis o Cordeiro de Deus"},"content":{"rendered":"<p style=\"text-align: justify;\"><img decoding=\"async\" src=\"http:\/\/www.catolicanet.com.br\/images\/stories\/convidigal3.jpg\" border=\"0\" align=\"left\" \/>Jo\u00e3o Batista num momento de pulcra inspira\u00e7\u00e3o contemplou algo muito representativo no divino Redentor, do qual lan\u00e7ou um \u00edcone perfeito. Com efeito, ele \u201cviu Jesus aproximar-se dele e disse: \u201cEis o Cordeiro de Deus, que tira o pecado do mundo\u201d (Jo 1,29-34). A imagem do Cordeiro remete logo \u00e0quele do \u00caxodo que \u00e9 oferecido e anuncia a liberta\u00e7\u00e3o. Uma brisa de liberdade flui desta imagem. O Precursor havia visto o Esp\u00edrito descer sobre Jesus no dia do Batismo no Jord\u00e3o e este Esp\u00edrito \u00e9 aquele que emancipa o ser racional, tornando-o livre das cadeias do mal.\u00a0 Este Cordeiro \u00e9 tamb\u00e9m aquele do profeta Isaias, o Cordeiro imolado, o servo sofredor. Surge ent\u00e3o a ef\u00edgie de Cristo na sua cruz, uma vida dada para que todos tenham a vida eterna. Eis a\u00ed como Jo\u00e3o contemplava Jesus, o Cordeiro de Deus. Jesus dir\u00e1 mais tarde: \u201cEu vim para que todos tivessem a vida e a tivessem em abund\u00e2ncia\u201d(Jo\u00a0\u00a0\u00a0 \u00a010,10). Jo\u00e3o viu em Jesus este Cordeiro de Deus, o crist\u00e3o deve ver no pr\u00f3ximo a figura de Jesus que disse: \u201cO que fizerdes ao menor de vossos irm\u00e3os foi a mim que o fizestes\u201d (Mt 25,4).\u00a0 Quando se valoriza uma pessoa \u00e9 a Jesus que se est\u00e1 valorizando. Isto torna cada a\u00e7\u00e3o luminosa, porque a qualquer momento se est\u00e1 sempre a servi\u00e7o de algu\u00e9m\u00a0 no qual se deve servir o Cordeiro de Deus. Entretanto, antes \u00e9 preciso, de fato, ter olhos de Jo\u00e3o Batista para ver o pr\u00f3prio Jesus n\u00e3o tanto no sentido f\u00edsico, mas contemplativo e m\u00edstico. Ele deve ser a esperan\u00e7a daquele que nele cr\u00ea, porque \u00e9 Ele quem tira o pecado do mundo. Jo\u00e3o Batista fala do pecado no singular, o qual este Cordeiro vem apagar. Este pecado \u00e9 a recusa do ensinamento que Jesus veio transmitir ao mundo da parte de Deus, recusando o plano teol\u00f3gico do Messias, plano exposto no Evangelho. Cumpre seguir sempre o Cordeiro de Deus, manifestando-O ao mundo, impregnando a sociedade com sua mensagem sublime. A Segunda Pessoa da Sant\u00edssima Trindade se fez homem para se tornar este Cordeiro que repara a inj\u00faria da criatura ao seu Criador. Isto porque grande foi o amor de Deus para com a humanidade prevaricadora. O amor, realmente, custa caro e no Calv\u00e1rio o Cordeiro divino foi imolado. Cumpre ent\u00e3o aos que foram resgatados com seu sangue precios\u00edssimo am\u00e1-lO de prefer\u00eancia ao pecado e a tudo que se op\u00f5e aos preceitos do Ser Supremo tantas vezes desprezados. \u00c9 preciso uma luta sem tr\u00e9guas contra tudo que foi causa do sofrimento de Jesus, combatendo a hipocrisia e desmascarando as falsidades que campeiam na m\u00eddia, todos os erros que se encobrem com o termos como \u201cpoliticamente correto\u201d, assertiva. em si. certa, mas cujos desdobramentos levam a desvios lament\u00e1veis. Pugna cont\u00ednua contra um pacto social entre o bem e o mal. A f\u00e9 do crist\u00e3o ou \u00e9 expl\u00edcita ou \u00e9 morta. A vitalidade da f\u00e9 de um crist\u00e3o depende de seu dinamismo manifestado nas suas obras, no seu modo de ser. Nada mais conden\u00e1vel do que ter Jesus nos l\u00e1bios e o mundo no cora\u00e7\u00e3o. A imagem do Cordeiro de Deus deve se refletir em todo o ser daquele que Ele redimiu, brilhar em todo seu comportamento, em toda sua mentalidade. Trata-se ent\u00e3o do amor contagioso que salva, que arrasta, que ilumina os que est\u00e3o nas trevas, porque n\u00e3o amam a verdade.\u00a0 Esta verdade \u00e9 o lugar de um combate contra o erro, contra o medo de testemunhar o Evangelho. O fiel ao Cordeiro de Deus \u00e9 o lampad\u00e1rio de Sua luz salv\u00edfica. Os profetas do mal, por\u00e9m, continuam atrav\u00e9s dos tempos a imolar o Cordeiro de Deus pregando anomalias que ferem a ordem estabelecida por Deus. \u00c9 que o Cordeiro de Deus ser\u00e1, de uma maneira ou de outra, imolado atrav\u00e9s dos tempos por aqueles que n\u00e3o acatam sua reden\u00e7\u00e3o redentora l\u00e1 no G\u00f3lgota. Entretanto, testemunhar a verdade vale a pena, pois apenas ela liberta. No fundo de si mesmo todo ser humano sabe disto, mas se deixa muitas vezes enganar. Deseja a verdade como bem supremo, mas o relativismo ilude os incautos\u00a0 e acaba conduzindo ao desespero. Cumpre que todos os cat\u00f3licos n\u00e3o ajam por ingenuidade, ou por ignor\u00e2ncia de sua f\u00e9, ou por indol\u00eancia espiritual. Que n\u00e3o tenham medo de denunciar os erros dos arautos do ceticismo e do utilitarismo. Lutar e testemunhar se tornam a melhor homenagem que se faz ao Cordeiro de Deus que tira os pecados do mundo.<\/p>\n<p style=\"text-align: justify;\">\u00a0<\/p>\n<p style=\"text-align: justify;\">* C\u00f4n. Jos\u00e9 Geraldo Vidigal de Carvalho, Professor durante 40 anos no Semin\u00e1rio de Mariana.<\/p>\n","protected":false},"excerpt":{"rendered":"<p>Jo\u00e3o Batista num momento de pulcra inspira\u00e7\u00e3o contemplou algo muito representativo no divino Redentor, do qual lan\u00e7ou um \u00edcone perfeito. Com efeito, ele \u201cviu Jesus aproximar-se dele e disse: \u201cEis o Cordeiro de Deus, que tira o pecado do mundo\u201d (Jo 1,29-34). A imagem do Cordeiro remete logo \u00e0quele do \u00caxodo que \u00e9 oferecido e [&hellip;]<\/p>\n","protected":false},"author":7,"featured_media":1361,"comment_status":"closed","ping_status":"closed","sticky":false,"template":"","format":"standard","meta":{"footnotes":""},"categories":[9],"tags":[],"class_list":["post-3900","post","type-post","status-publish","format-standard","has-post-thumbnail","hentry","category-artigos"],"_links":{"self":[{"href":"https:\/\/catolicanet.net\/wp-cnet\/wp-json\/wp\/v2\/posts\/3900","targetHints":{"allow":["GET"]}}],"collection":[{"href":"https:\/\/catolicanet.net\/wp-cnet\/wp-json\/wp\/v2\/posts"}],"about":[{"href":"https:\/\/catolicanet.net\/wp-cnet\/wp-json\/wp\/v2\/types\/post"}],"author":[{"embeddable":true,"href":"https:\/\/catolicanet.net\/wp-cnet\/wp-json\/wp\/v2\/users\/7"}],"replies":[{"embeddable":true,"href":"https:\/\/catolicanet.net\/wp-cnet\/wp-json\/wp\/v2\/comments?post=3900"}],"version-history":[{"count":1,"href":"https:\/\/catolicanet.net\/wp-cnet\/wp-json\/wp\/v2\/posts\/3900\/revisions"}],"predecessor-version":[{"id":8122,"href":"https:\/\/catolicanet.net\/wp-cnet\/wp-json\/wp\/v2\/posts\/3900\/revisions\/8122"}],"wp:featuredmedia":[{"embeddable":true,"href":"https:\/\/catolicanet.net\/wp-cnet\/wp-json\/wp\/v2\/media\/1361"}],"wp:attachment":[{"href":"https:\/\/catolicanet.net\/wp-cnet\/wp-json\/wp\/v2\/media?parent=3900"}],"wp:term":[{"taxonomy":"category","embeddable":true,"href":"https:\/\/catolicanet.net\/wp-cnet\/wp-json\/wp\/v2\/categories?post=3900"},{"taxonomy":"post_tag","embeddable":true,"href":"https:\/\/catolicanet.net\/wp-cnet\/wp-json\/wp\/v2\/tags?post=3900"}],"curies":[{"name":"wp","href":"https:\/\/api.w.org\/{rel}","templated":true}]}}