{"id":3899,"date":"2014-01-12T03:00:00","date_gmt":"2014-01-12T05:00:00","guid":{"rendered":"http:\/\/catolicanet.net\/wp-cnet\/o-chamado\/"},"modified":"2017-03-24T16:22:16","modified_gmt":"2017-03-24T19:22:16","slug":"o-chamado","status":"publish","type":"post","link":"https:\/\/catolicanet.net\/wp-cnet\/o-chamado\/","title":{"rendered":"O chamado"},"content":{"rendered":"<p style=\"text-align: justify;\"><img loading=\"lazy\" decoding=\"async\" src=\"http:\/\/www.catolicanet.com.br\/images\/stories\/dompaulomendes1.jpg\" border=\"0\" width=\"182\" height=\"274\" align=\"left\" \/>Infelizmente, ou at\u00e9 felizmente, vivemos numa situa\u00e7\u00e3o humana marcada por grandes diferen\u00e7as. Em determinados casos podemos chamar de profundos abismos, seja na \u00e1rea social, pol\u00edtica, econ\u00f4mica, psicol\u00f3gica, religiosa etc. Isto est\u00e1 muito claro entre o Criador, totalmente perfeito, e a criatura, condicionada \u00e0s inumer\u00e1veis imperfei\u00e7\u00f5es.<br \/>Dentro das condi\u00e7\u00f5es naturais da vida, todas as pessoas s\u00e3o chamadas \u00e0 perfei\u00e7\u00e3o ou, pelo menos, a fazer esfor\u00e7o para viver nestas condi\u00e7\u00f5es. Portanto, a correspond\u00eancia a isto depende de cada um. S\u00f3 assim \u00e9 poss\u00edvel haver ordem social, conviv\u00eancia harmoniosa e diminui\u00e7\u00e3o dos extremos, porque eles s\u00e3o excludentes e, \u00e0s vezes, desumanos. <br \/>Todo chamado sup\u00f5e alguma resposta, que deve ser assumida com muita responsabilidade. A proposta de Deus, contida na Sagrada Escritura, \u00e9 apresentada nestas condi\u00e7\u00f5es, e traz consequ\u00eancias para a vida social. Agindo assim, estamos contribuindo com o bem das pessoas e participando da constru\u00e7\u00e3o do que motiva o bem viver, a harmonia na comunidade.<br \/>Quem faz o bem pode ser chamado de \u201cungido do Senhor\u201d, de quem entendeu o sentido da vida, e exercita suas qualidades para construir um mundo e uma sociedade como ambiente saud\u00e1vel. Todos n\u00f3s podemos contribuir para vivenciar essa utopia, quebrando os muros existenciais que aumentam e fortalecem as dist\u00e2ncias.<br \/>Um chamado, na vis\u00e3o crist\u00e3, identifica-se com a palavra voca\u00e7\u00e3o, ou miss\u00e3o de construir alguma coisa. A vida n\u00e3o pode ser infecunda, como uma parasita, que n\u00e3o contribui com nada. Sendo criatura, cada pessoa participa do projeto criador, de construir, de dar perfei\u00e7\u00e3o e condi\u00e7\u00f5es de vida para toda a obra criada, principalmente, o ser humano.<br \/>Falar de chamado, como voca\u00e7\u00e3o, significa perfei\u00e7\u00e3o, mas tamb\u00e9m santidade, isto \u00e9, de uma vida ofertada para o bem da comunidade e para o seguimento de Jesus Cristo. Sup\u00f5e engajamento comunit\u00e1rio para transforma a sociedade em ambiente de amor e fraternidade. Corremos o grande perigo da fuga e do distanciamento da realidade, da rebeldia contra a vontade do Criador, deixando lugar para o envolvimento do reino do mal, da injusti\u00e7a e da falta de paz.<\/p>\n","protected":false},"excerpt":{"rendered":"<p>Infelizmente, ou at\u00e9 felizmente, vivemos numa situa\u00e7\u00e3o humana marcada por grandes diferen\u00e7as. Em determinados casos podemos chamar de profundos abismos, seja na \u00e1rea social, pol\u00edtica, econ\u00f4mica, psicol\u00f3gica, religiosa etc. Isto est\u00e1 muito claro entre o Criador, totalmente perfeito, e a criatura, condicionada \u00e0s inumer\u00e1veis imperfei\u00e7\u00f5es.Dentro das condi\u00e7\u00f5es naturais da vida, todas as pessoas s\u00e3o chamadas [&hellip;]<\/p>\n","protected":false},"author":11,"featured_media":1528,"comment_status":"closed","ping_status":"closed","sticky":false,"template":"","format":"standard","meta":{"footnotes":""},"categories":[9],"tags":[],"class_list":["post-3899","post","type-post","status-publish","format-standard","has-post-thumbnail","hentry","category-artigos"],"_links":{"self":[{"href":"https:\/\/catolicanet.net\/wp-cnet\/wp-json\/wp\/v2\/posts\/3899","targetHints":{"allow":["GET"]}}],"collection":[{"href":"https:\/\/catolicanet.net\/wp-cnet\/wp-json\/wp\/v2\/posts"}],"about":[{"href":"https:\/\/catolicanet.net\/wp-cnet\/wp-json\/wp\/v2\/types\/post"}],"author":[{"embeddable":true,"href":"https:\/\/catolicanet.net\/wp-cnet\/wp-json\/wp\/v2\/users\/11"}],"replies":[{"embeddable":true,"href":"https:\/\/catolicanet.net\/wp-cnet\/wp-json\/wp\/v2\/comments?post=3899"}],"version-history":[{"count":1,"href":"https:\/\/catolicanet.net\/wp-cnet\/wp-json\/wp\/v2\/posts\/3899\/revisions"}],"predecessor-version":[{"id":8120,"href":"https:\/\/catolicanet.net\/wp-cnet\/wp-json\/wp\/v2\/posts\/3899\/revisions\/8120"}],"wp:featuredmedia":[{"embeddable":true,"href":"https:\/\/catolicanet.net\/wp-cnet\/wp-json\/wp\/v2\/media\/1528"}],"wp:attachment":[{"href":"https:\/\/catolicanet.net\/wp-cnet\/wp-json\/wp\/v2\/media?parent=3899"}],"wp:term":[{"taxonomy":"category","embeddable":true,"href":"https:\/\/catolicanet.net\/wp-cnet\/wp-json\/wp\/v2\/categories?post=3899"},{"taxonomy":"post_tag","embeddable":true,"href":"https:\/\/catolicanet.net\/wp-cnet\/wp-json\/wp\/v2\/tags?post=3899"}],"curies":[{"name":"wp","href":"https:\/\/api.w.org\/{rel}","templated":true}]}}