{"id":38984,"date":"2018-03-12T16:51:52","date_gmt":"2018-03-12T19:51:52","guid":{"rendered":"http:\/\/catolicanet.net\/wp-cnet\/?p=38984"},"modified":"2018-03-12T16:51:52","modified_gmt":"2018-03-12T19:51:52","slug":"romeiros-saem-vivos-e-imagem-de-nossa-senhora-intacta-apos-onibus-cair-em-ribanceira","status":"publish","type":"post","link":"https:\/\/catolicanet.net\/wp-cnet\/romeiros-saem-vivos-e-imagem-de-nossa-senhora-intacta-apos-onibus-cair-em-ribanceira\/","title":{"rendered":"Romeiros saem vivos e imagem de Nossa Senhora intacta ap\u00f3s \u00f4nibus cair em ribanceira"},"content":{"rendered":"<p>APARECIDA, 12 Mar. 18 \/ 04:00 pm (ACI).- Um \u00f4nibus escolar que levava romeiros de Aparecida de volta para casa caiu em uma ribanceira na BR-459, mas todos os devotos sa\u00edram vivos do acidente e com uma imagem intacta de Nossa Senhora Aparecida.<\/p>\n<p>O acidente ocorreu na tarde de s\u00e1bado, 10 de mar\u00e7o, entre Delfim Moreira e Piquete, na divisa entre S\u00e3o Paulo e Minas Gerais, e o ve\u00edculo transportava 20 romeiros que estavam retornando de uma romaria feita a cavalo ao Santu\u00e1rio Nacional de Aparecida.<\/p>\n<p>O ve\u00edculo caiu em uma ribanceira \u00e0s margens da rodovia e, de acordo com o Corpo de Bombeiros, o motorista declarou que descia o morro quando houve uma pane el\u00e9trica no motor, fazendo com que perdesse o controle do \u00f4nibus.<\/p>\n<p>Segundo os Bombeiros, tr\u00eas pessoas ficaram levemente feridas e foram encaminhadas para o hospital de Delfim Moreira (MG).<\/p>\n<p>&nbsp;<\/p>\n<p>Fonte: Acidigital<\/p>\n","protected":false},"excerpt":{"rendered":"<p>APARECIDA, 12 Mar. 18 \/ 04:00 pm (ACI).- Um \u00f4nibus escolar que levava romeiros de Aparecida de volta para casa caiu em uma ribanceira na BR-459, mas todos os devotos sa\u00edram vivos do acidente e com uma imagem intacta de Nossa Senhora Aparecida. O acidente ocorreu na tarde de s\u00e1bado, 10 de mar\u00e7o, entre Delfim [&hellip;]<\/p>\n","protected":false},"author":1,"featured_media":38985,"comment_status":"open","ping_status":"closed","sticky":false,"template":"","format":"standard","meta":{"footnotes":""},"categories":[4],"tags":[],"class_list":["post-38984","post","type-post","status-publish","format-standard","has-post-thumbnail","hentry","category-cotidiano"],"_links":{"self":[{"href":"https:\/\/catolicanet.net\/wp-cnet\/wp-json\/wp\/v2\/posts\/38984","targetHints":{"allow":["GET"]}}],"collection":[{"href":"https:\/\/catolicanet.net\/wp-cnet\/wp-json\/wp\/v2\/posts"}],"about":[{"href":"https:\/\/catolicanet.net\/wp-cnet\/wp-json\/wp\/v2\/types\/post"}],"author":[{"embeddable":true,"href":"https:\/\/catolicanet.net\/wp-cnet\/wp-json\/wp\/v2\/users\/1"}],"replies":[{"embeddable":true,"href":"https:\/\/catolicanet.net\/wp-cnet\/wp-json\/wp\/v2\/comments?post=38984"}],"version-history":[{"count":1,"href":"https:\/\/catolicanet.net\/wp-cnet\/wp-json\/wp\/v2\/posts\/38984\/revisions"}],"predecessor-version":[{"id":38986,"href":"https:\/\/catolicanet.net\/wp-cnet\/wp-json\/wp\/v2\/posts\/38984\/revisions\/38986"}],"wp:featuredmedia":[{"embeddable":true,"href":"https:\/\/catolicanet.net\/wp-cnet\/wp-json\/wp\/v2\/media\/38985"}],"wp:attachment":[{"href":"https:\/\/catolicanet.net\/wp-cnet\/wp-json\/wp\/v2\/media?parent=38984"}],"wp:term":[{"taxonomy":"category","embeddable":true,"href":"https:\/\/catolicanet.net\/wp-cnet\/wp-json\/wp\/v2\/categories?post=38984"},{"taxonomy":"post_tag","embeddable":true,"href":"https:\/\/catolicanet.net\/wp-cnet\/wp-json\/wp\/v2\/tags?post=38984"}],"curies":[{"name":"wp","href":"https:\/\/api.w.org\/{rel}","templated":true}]}}