{"id":38961,"date":"2018-03-12T13:41:49","date_gmt":"2018-03-12T16:41:49","guid":{"rendered":"http:\/\/catolicanet.net\/wp-cnet\/?p=38961"},"modified":"2018-03-12T13:41:49","modified_gmt":"2018-03-12T16:41:49","slug":"conferencia-nacional-dos-bispos-do-brasil","status":"publish","type":"post","link":"https:\/\/catolicanet.net\/wp-cnet\/conferencia-nacional-dos-bispos-do-brasil\/","title":{"rendered":"Confer\u00eancia nacional dos Bispos do Brasil"},"content":{"rendered":"<p>Aos Irm\u00e3os no Episcopado,<\/p>\n<p>Bras\u00edlia-DF, 05 de mar\u00e7o de 2018<\/p>\n<p>P \u2013 N\u00ba. 0129\/18<\/p>\n<p>\u201cEu era estrangeiro e me acolhestes\u201d (Mt 25,35)<\/p>\n<p>Tendo ouvido o relato de Dom M\u00e1rio Ant\u00f4nio da Silva, Bispo de Roraima e Presidente do Regional Norte 1, sobre a dram\u00e1tica situa\u00e7\u00e3o dos irm\u00e3os e irm\u00e3s venezuelanos que ali aportam, fugindo da grav\u00edssima crise que assola o seu pa\u00eds, o Conselho Permanente da CNBB, reunido, entre os dias 21 a 23 de fevereiro pp, decidiu enviar a todos os irm\u00e3os no episcopado o pedido de socorro, em favor daquela gente sofrida e dos que est\u00e3o tentando acolh\u00ea-los.<\/p>\n<p>A Diocese de Roraima, o Regional Norte 1, as entidades parceiras e outras igrejas, naquela regi\u00e3o, n\u00e3o re\u00fanem as condi\u00e7\u00f5es necess\u00e1rias para atender, sozinhos, a demanda por alimento, moradia, medicamento. Est\u00e3o no extremo da preocupa\u00e7\u00e3o e do esfor\u00e7o. Precisam de n\u00f3s: dos Regionais, das dioceses, das par\u00f3quias, das comunidades, das ordens e congrega\u00e7\u00f5es religiosas, das pastorais e movimentos. Enfim, das for\u00e7as vivas da nossa Igreja. Das pessoas de boa vontade.<\/p>\n<p>Para atender \u00e0 urg\u00eancia desse apelo, seguem os dados banc\u00e1rios, para o dep\u00f3sito da sua generosa oferta, em nome da Diocese de Roraima:<br \/>\nBANCO DO BRASIL S. A.<\/p>\n<p>Ag\u00eancia 2617-4<\/p>\n<p>Conta Corrente: 20.355-6<\/p>\n<p>CNPJ: 05.936.794 \/ 0001-13<\/p>\n<p>Para informa\u00e7\u00f5es complementares:<br \/>\nDOM M\u00c1RIO ANT\u00d4NIO DA SILVA<\/p>\n<p>mario.mas@uol.com.br<br \/>\nCURIA DIOCESANA<\/p>\n<p>curiarr@yahoo.com.br Fone (95) 3224-3741<\/p>\n<p>\u201cAcolher o outro requer um compromisso concreto, uma corrente de apoios e benefic\u00eancia, uma aten\u00e7\u00e3o vigilante e abrangente, a gest\u00e3o respons\u00e1vel de novas situa\u00e7\u00f5es complexas que, \u00e0s vezes, se v\u00eam juntar a outros problemas j\u00e1 existentes em grande n\u00famero, bem como recursos que s\u00e3o sempre limitados\u201d. (Papa Francisco, 51\u00ba Dia Mundial da Paz \u2013 1\u00ba de janeiro de 2018).<\/p>\n<p>Deus os recompense por essa caridade!<\/p>\n<p>Cardeal Sergio da Rocha Dom Murilo S.R. Krieger<\/p>\n<p>Arcebispo de Bras\u00edlia-DF Arcebispo de S\u00e3o Salvador-BA<\/p>\n<p>Presidente da CNBB Vice-Presidente da CNBB<br \/>\nDom Leonardo Ulrich Steiner Bispo Auxiliar de Bras\u00edlia-DF Secret\u00e1rio-Geral da CNBB<\/p>\n<p>&nbsp;<\/p>\n<p>Fonte: CNBB<\/p>\n","protected":false},"excerpt":{"rendered":"<p>Aos Irm\u00e3os no Episcopado, Bras\u00edlia-DF, 05 de mar\u00e7o de 2018 P \u2013 N\u00ba. 0129\/18 \u201cEu era estrangeiro e me acolhestes\u201d (Mt 25,35) Tendo ouvido o relato de Dom M\u00e1rio Ant\u00f4nio da Silva, Bispo de Roraima e Presidente do Regional Norte 1, sobre a dram\u00e1tica situa\u00e7\u00e3o dos irm\u00e3os e irm\u00e3s venezuelanos que ali aportam, fugindo da [&hellip;]<\/p>\n","protected":false},"author":1,"featured_media":38962,"comment_status":"open","ping_status":"closed","sticky":false,"template":"","format":"standard","meta":{"footnotes":""},"categories":[7],"tags":[],"class_list":["post-38961","post","type-post","status-publish","format-standard","has-post-thumbnail","hentry","category-cnbb"],"_links":{"self":[{"href":"https:\/\/catolicanet.net\/wp-cnet\/wp-json\/wp\/v2\/posts\/38961","targetHints":{"allow":["GET"]}}],"collection":[{"href":"https:\/\/catolicanet.net\/wp-cnet\/wp-json\/wp\/v2\/posts"}],"about":[{"href":"https:\/\/catolicanet.net\/wp-cnet\/wp-json\/wp\/v2\/types\/post"}],"author":[{"embeddable":true,"href":"https:\/\/catolicanet.net\/wp-cnet\/wp-json\/wp\/v2\/users\/1"}],"replies":[{"embeddable":true,"href":"https:\/\/catolicanet.net\/wp-cnet\/wp-json\/wp\/v2\/comments?post=38961"}],"version-history":[{"count":1,"href":"https:\/\/catolicanet.net\/wp-cnet\/wp-json\/wp\/v2\/posts\/38961\/revisions"}],"predecessor-version":[{"id":38963,"href":"https:\/\/catolicanet.net\/wp-cnet\/wp-json\/wp\/v2\/posts\/38961\/revisions\/38963"}],"wp:featuredmedia":[{"embeddable":true,"href":"https:\/\/catolicanet.net\/wp-cnet\/wp-json\/wp\/v2\/media\/38962"}],"wp:attachment":[{"href":"https:\/\/catolicanet.net\/wp-cnet\/wp-json\/wp\/v2\/media?parent=38961"}],"wp:term":[{"taxonomy":"category","embeddable":true,"href":"https:\/\/catolicanet.net\/wp-cnet\/wp-json\/wp\/v2\/categories?post=38961"},{"taxonomy":"post_tag","embeddable":true,"href":"https:\/\/catolicanet.net\/wp-cnet\/wp-json\/wp\/v2\/tags?post=38961"}],"curies":[{"name":"wp","href":"https:\/\/api.w.org\/{rel}","templated":true}]}}