{"id":3890,"date":"2014-01-07T03:00:00","date_gmt":"2014-01-07T05:00:00","guid":{"rendered":"http:\/\/catolicanet.net\/wp-cnet\/uma-cena-futurista\/"},"modified":"2017-03-24T15:42:53","modified_gmt":"2017-03-24T18:42:53","slug":"uma-cena-futurista","status":"publish","type":"post","link":"https:\/\/catolicanet.net\/wp-cnet\/uma-cena-futurista\/","title":{"rendered":"Uma cena futurista"},"content":{"rendered":"<p style=\"text-align: justify;\"><img decoding=\"async\" src=\"http:\/\/www.catolicanet.com.br\/images\/stories\/domaloisioroquea.jpg\" border=\"0\" align=\"left\" \/>Conv\u00e9m examinar, n\u00e3o apenas de relance, o quadro surpreendente da visita dos Santos Reis ao Menino-esperan\u00e7a, nascido em Bel\u00e9m. N\u00e3o d\u00e1 para entender com facilidade um acontecimento que tem v\u00ednculos simb\u00f3licos com os arcanos mais profundos da consci\u00eancia humana. Chega a ser um arqu\u00e9tipo, nascido da consci\u00eancia coletiva da humanidade, para expressar os mais rec\u00f4nditos desejos de fraternidade. Como express\u00e3o do que vai no refolho\u00a0 aut\u00eantico do ser humano, a visita dos assim chamados Reis Magos, foi um ato de significado religioso. Eles compreenderam que Jesus era muito mais do que qualquer homem, e por isso falaram: \u201cN\u00f3s viemos para ador\u00e1-lo\u201d (Mt 2, 2). Esse gesto \u00e9 uma express\u00e3o da alma, reservado para quem o merece. Ningu\u00e9m o esbanja em v\u00e3o. Ademais, para chancelar a veracidade de seu ato religioso, realizaram o que costuma\u00a0 acompanhar qualquer ora\u00e7\u00e3o: o sacrif\u00edcio.\u00a0 \u201cOfereceram-lhe como presentes ouro, incenso e mirra\u201d (Mt 2, 11). O incr\u00edvel \u00e9 que a Santa Fam\u00edlia n\u00e3o recusou os presentes, apesar de virem de m\u00e3os\u00a0 pag\u00e3s. Ningu\u00e9m exigiu deles, como atitude preliminar, abandonar os seus \u00eddolos.<\/p>\n<p>O Papa Em\u00e9rito Bento XVI, um pensador magn\u00edfico e um crist\u00e3o esclarecido, escreveu que a \u201cades\u00e3o a Cristo n\u00e3o acontece por propaganda, ou por uma grande id\u00e9ia, mas por atra\u00e7\u00e3o\u201d (Porta Fidei). Os Santos Reis, por Deus movidos, n\u00e3o responderam a uma propaganda (eventualmente\u00a0 enganosa), mas a uma mo\u00e7\u00e3o interior do Esp\u00edrito Divino. O proselitismo, praga useira de grupos aparentados com o fanatismo, deve ser proscrito definitivamente. Pois\u00a0 s\u00f3 pensam em angariar novos adeptos para\u00a0 suas fileiras, sem pensar no Reino de Deus. O que nos cabe fazer, por ordem de Jesus, \u00e9 cumprir a ordem: \u201cIde e ensinai a todas as na\u00e7\u00f5es\u201d\u00a0 (Mt 28, 19). A resposta deve ser livre. A f\u00e9 dos outros deve ser respeitada, sem os constranger, nem\u00a0 falar\u00a0 mal dos defeitos de sua religi\u00e3o. Esta tamb\u00e9m pode ser\u00a0 instrumentos de salva\u00e7\u00e3o. O momento da gra\u00e7a divina chegar\u00e1.\u00a0 N\u00e3o tenhamos medo. O que Jesus ensinou, e o epis\u00f3dio da adora\u00e7\u00e3o dos Magos j\u00e1 o antecipou, vai se cumprir. \u201cAtrairei todos os homens a mim\u201d\u00a0 (Jo 12, 32). A cena dos Magos chega a ser ecum\u00eanica e prof\u00e9tica.<\/p>\n","protected":false},"excerpt":{"rendered":"<p>Conv\u00e9m examinar, n\u00e3o apenas de relance, o quadro surpreendente da visita dos Santos Reis ao Menino-esperan\u00e7a, nascido em Bel\u00e9m. N\u00e3o d\u00e1 para entender com facilidade um acontecimento que tem v\u00ednculos simb\u00f3licos com os arcanos mais profundos da consci\u00eancia humana. Chega a ser um arqu\u00e9tipo, nascido da consci\u00eancia coletiva da humanidade, para expressar os mais rec\u00f4nditos [&hellip;]<\/p>\n","protected":false},"author":8,"featured_media":0,"comment_status":"closed","ping_status":"closed","sticky":false,"template":"","format":"standard","meta":{"footnotes":""},"categories":[9],"tags":[],"class_list":["post-3890","post","type-post","status-publish","format-standard","hentry","category-artigos"],"_links":{"self":[{"href":"https:\/\/catolicanet.net\/wp-cnet\/wp-json\/wp\/v2\/posts\/3890","targetHints":{"allow":["GET"]}}],"collection":[{"href":"https:\/\/catolicanet.net\/wp-cnet\/wp-json\/wp\/v2\/posts"}],"about":[{"href":"https:\/\/catolicanet.net\/wp-cnet\/wp-json\/wp\/v2\/types\/post"}],"author":[{"embeddable":true,"href":"https:\/\/catolicanet.net\/wp-cnet\/wp-json\/wp\/v2\/users\/8"}],"replies":[{"embeddable":true,"href":"https:\/\/catolicanet.net\/wp-cnet\/wp-json\/wp\/v2\/comments?post=3890"}],"version-history":[{"count":1,"href":"https:\/\/catolicanet.net\/wp-cnet\/wp-json\/wp\/v2\/posts\/3890\/revisions"}],"predecessor-version":[{"id":8079,"href":"https:\/\/catolicanet.net\/wp-cnet\/wp-json\/wp\/v2\/posts\/3890\/revisions\/8079"}],"wp:attachment":[{"href":"https:\/\/catolicanet.net\/wp-cnet\/wp-json\/wp\/v2\/media?parent=3890"}],"wp:term":[{"taxonomy":"category","embeddable":true,"href":"https:\/\/catolicanet.net\/wp-cnet\/wp-json\/wp\/v2\/categories?post=3890"},{"taxonomy":"post_tag","embeddable":true,"href":"https:\/\/catolicanet.net\/wp-cnet\/wp-json\/wp\/v2\/tags?post=3890"}],"curies":[{"name":"wp","href":"https:\/\/api.w.org\/{rel}","templated":true}]}}