{"id":38872,"date":"2018-03-08T10:24:41","date_gmt":"2018-03-08T13:24:41","guid":{"rendered":"http:\/\/catolicanet.net\/wp-cnet\/?p=38872"},"modified":"2018-03-08T10:24:41","modified_gmt":"2018-03-08T13:24:41","slug":"estes-120-hackers-tem-o-apoio-do-papa-francisco","status":"publish","type":"post","link":"https:\/\/catolicanet.net\/wp-cnet\/estes-120-hackers-tem-o-apoio-do-papa-francisco\/","title":{"rendered":"Estes 120 hackers t\u00eam o apoio do Papa Francisco"},"content":{"rendered":"<h2 class=\"subtitle\">O \u201chackathon\u201d do Vaticano est\u00e1 voltando esfor\u00e7os para enfrentar quest\u00f5es de inclus\u00e3o social, di\u00e1logo inter-religioso e a crise dos refugiados<\/h2>\n<p>Pela primeira vez, a Igreja Cat\u00f3lica Romana organiza um \u201chackathon\u201d \u2013 uma competi\u00e7\u00e3o em que equipes de todo o mundo ir\u00e3o encontrar solu\u00e7\u00f5es tecnol\u00f3gicas para problemas espec\u00edficos.<\/p>\n<p>Conhecido como <a href=\"https:\/\/www.vhacks.org\/\" target=\"_blank\" rel=\"noopener\">VHacks<\/a>, a competi\u00e7\u00e3o acontece ao longo de 36 horas entre os dias 8 e 11 de mar\u00e7o, e se concentrar em problemas de inclus\u00e3o social, di\u00e1logo inter-religioso e a crise de migrantes e refugiados.<\/p>\n<p>Combinando as palavras \u201chacking\u201d e \u201cmarathon\u201d (traduzindo literalmente, maratona de hackers), um hackathon re\u00fane equipes multidisciplinares (incluindo programadores de computador, designers gr\u00e1ficos e gerentes de projetos) para criar solu\u00e7\u00f5es sob uma restri\u00e7\u00e3o de tempo. \u00c9 uma competi\u00e7\u00e3o, mas amig\u00e1vel.<\/p>\n<p>\u201cVHacks \u00e9 um apelo \u00e0 responsabilidade \u2013 reunindo pessoas de todas as cren\u00e7as para abordar quest\u00f5es globais atuais\u201d, dizem os organizadores.<\/p>\n<p>Ainda assim, muitos cat\u00f3licos podem se surpreender com a abertura do Vaticano \u00e0 atividade, principalmente devido \u00e0s conota\u00e7\u00f5es negativas da palavra \u201cpirataria\u201d.<\/p>\n<p>\u201cNa mente do p\u00fablico, o hackeamento \u00e9 algo feito por um grupo de pessoas que tentam invadir computadores, geralmente para prop\u00f3sitos perversos. Podem ser criminosos ou operadores pol\u00edticos ou pessoas que trabalham para uma empresa advers\u00e1ria ou pa\u00eds que quer causar algum preju\u00edzo. Ou eles poderiam ser espi\u00f5es\u201d, disse Kevin McKee, assessor de corpo docente da equipe de hackeamento Dos Pueblos High School em Santa Barbara, Calif\u00f3rnia.<\/p>\n<p>\u201cMas essa \u00e9 apenas uma pequena faceta do que \u00e9 o hackeamento\u201d, explicou. \u201cOutra faceta muito mais ampla \u00e9 que \u00e9 um sistema onde as pessoas s\u00e3o alertadas e encorajadas a criar novas e emocionantes solu\u00e7\u00f5es para os problemas. Frequentemente, os jovens fazem isso de forma organizada chamada hackathons\u201d.<\/p>\n<p>O pr\u00f3prio time de McKee, que ele descreve como \u201cautodidata, auto-organizado e automotivado\u201d, ganhou v\u00e1rias competi\u00e7\u00f5es e viajou at\u00e9 Nova York para competir.<\/p>\n<p>VHacks \u00e9 parte de uma miss\u00e3o maior liderada pelo Padre Eric Salobir, da Ordem dos Pregadores Cat\u00f3licos \u2013 Ordem Dominicana \u2013, para \u201cpromover o di\u00e1logo entre o mundo da tecnologia e as humanidades\u201d, disse ele \u00e0 <a href=\"https:\/\/thenextweb.com\/creativity\/2018\/02\/21\/vatican-yes-holy-city-organizing-first-ever-hackathon\/\" target=\"_blank\" rel=\"noopener\"><i>TheNextWeb<\/i><\/a>.<\/p>\n<p>Ele \u00e9 um dos fundadores da OPTIC, um grupo de reflex\u00e3o dedicado a quest\u00f5es \u00e9ticas e tecnologia. OPTIC est\u00e1 coorganizando o VHacks junto com a Secretaria de Comunica\u00e7\u00e3o do Vaticano. O evento tamb\u00e9m tem o apoio do Pontif\u00edcio Conselho para a Cultura, a Se\u00e7\u00e3o de Migrantes e Refugiados do Dicast\u00e9rio para o Servi\u00e7o do Desenvolvimento Humano Integral, e \u00e9 preparado por um grupo de estudantes-volunt\u00e1rios de Harvard e do Instituto de Tecnologia de Massachusetts (MIT, sigla em ingl\u00eas para <i>Massachusetts Institute of Technology<\/i>).<\/p>\n<p>Os organizadores s\u00e3o inspirados por uma declara\u00e7\u00e3o do Papa Francisco: \u201cQu\u00e3o maravilhoso seria se o crescimento da inova\u00e7\u00e3o cient\u00edfica e tecnol\u00f3gica viesse junto com mais igualdade e inclus\u00e3o social\u201d.<\/p>\n<p>Na verdade, os participantes v\u00eam de todas as origens religiosas e culturais, de 57 universidades e cinco continentes.<\/p>\n<p>Os 120 participantes foram escolhidos \u201ccom base em realiza\u00e7\u00f5es acad\u00eamicas, pensamento inovador e alinhamento com a nossa miss\u00e3o\u201d, disseram os organizadores.<\/p>\n<p>Suas instru\u00e7\u00f5es incluem a cria\u00e7\u00e3o de solu\u00e7\u00f5es sob essas categorias:<\/p>\n<ul>\n<li>Inclus\u00e3o Social: encontrar formas de incentivar a solidariedade, restaurando o pensamento e os valores centrados no ser humano em nosso mundo cada vez mais digital.<\/li>\n<li>Di\u00e1logo Inter-religioso: apoiar a comunica\u00e7\u00e3o aberta entre indiv\u00edduos e organiza\u00e7\u00f5es que representam diferentes f\u00e9s para criar entendimento m\u00fatuo e coopera\u00e7\u00e3o construtiva.<\/li>\n<li>Migrantes e Refugiados: fortalecer, apoiar e mobilizar recursos para migrantes e refugiados para auxili\u00e1-los na deslocaliza\u00e7\u00e3o e integra\u00e7\u00e3o.<\/li>\n<\/ul>\n<p>Outros objetivos s\u00e3o \u201cpromover a colabora\u00e7\u00e3o entre l\u00edderes juvenis em diversas origens acad\u00eamicas, \u00e9tnicas e religiosas e encorajar institui\u00e7\u00f5es baseadas em valores a adotarem tecnologias para promover suas miss\u00f5es\u201d.<\/p>\n<p>McKee, da equipe Dos Pueblos High School, afirmou que os participantes da VHacks podem procurar solu\u00e7\u00f5es como um aplicativo iPad que calcula automaticamente a quantidade de alimentos necess\u00e1rios para um certo n\u00famero de pessoas em um campo de refugiados, para a categoria de migrantes e refugiados ou um \u201csistema de quadro de mensagens onde pessoas de diferentes religi\u00f5es podem entrar e ter um di\u00e1logo on-line atrav\u00e9s da publica\u00e7\u00e3o de pequenos v\u00eddeos\u201d, para a categoria de di\u00e1logo inter-religioso.<\/p>\n<p>\u201c\u00c9 preciso muita criatividade para chegar a essas ideias\u201d, disse ele. \u201cVoc\u00ea tem que ter muito conhecimento\u2026 Se voc\u00ea n\u00e3o sabe nada sobre os refugiados, voc\u00ea estaria mal preparado. Se voc\u00ea tem v\u00e1rios g\u00eanios da inform\u00e1tica e surge uma solu\u00e7\u00e3o para o problema do di\u00e1logo inter-religioso e eles n\u00e3o sabem nada sobre religi\u00e3o e f\u00e9 e quanto isso \u00e9 importante para as pessoas, provavelmente ser\u00e1 uma solu\u00e7\u00e3o ruim, mesmo que possa ser uma grande solu\u00e7\u00e3o\u201d.<\/p>\n<p>Uma estudante que participar\u00e1, como parte de uma equipe de cinco pessoas da <i>Georgetown University<\/i> em Washington, DC, \u00e9 Lucy Obus.<\/p>\n<p>\u201cEstou t\u00e3o animada que o Vaticano, uma institui\u00e7\u00e3o tachada de \u2018antiquada\u2019, est\u00e1 reconhecendo o valor e a necessidade das tecnologias emergentes na resolu\u00e7\u00e3o de desafios globais\u201d, disse Obus, que tem treinamento em design gr\u00e1fico e constru\u00e7\u00e3o c\u00eanica. \u201cEstou ansiosa para\u2026 conhecer colegas de todo o mundo que abra\u00e7am a tecnologia para promover o desenvolvimento humano\u201d.<\/p>\n<p>O patroc\u00ednio do evento vem de empresas de tecnologia como Google, Microsoft e Salesforce e institui\u00e7\u00f5es sem fins lucrativos, como a <i>Foundation for Evangelization through the Media<\/i> (Funda\u00e7\u00e3o para a Evangeliza\u00e7\u00e3o atrav\u00e9s da M\u00eddia), que apoia a Aleteia. Aleteia tamb\u00e9m \u00e9 parceira de m\u00eddia do evento.<\/p>\n<p>Al\u00e9m disso, o evento inclui uma exposi\u00e7\u00e3o on-line sobre as implica\u00e7\u00f5es do avan\u00e7o tecnol\u00f3gico no desenvolvimento humano. Os palestrantes s\u00e3o provenientes das principais empresas de tecnologia e institui\u00e7\u00f5es do Vaticano. Os participantes selecionados para o hackathon, parceiros corporativos e institui\u00e7\u00f5es ir\u00e3o mostrar suas inova\u00e7\u00f5es durante o evento, a fim de inspirar os jovens de todo o mundo a colaborar em todas as divis\u00f5es e usar a tecnologia para abordar quest\u00f5es sociais tamb\u00e9m.<\/p>\n<p>Mais informa\u00e7\u00f5es sobre o evento podem ser encontradas na\u00a0p\u00e1gina do <a href=\"https:\/\/www.facebook.com\/VHacks2018\" target=\"_blank\" rel=\"noopener\">Facebook<\/a> do VHacks; na conta do <a href=\"https:\/\/www.instagram.com\/vhacks2018\/\" target=\"_blank\" rel=\"noopener\">Instagram<\/a> e na\u00a0conta do <a href=\"https:\/\/twitter.com\/VHacks2018\" target=\"_blank\" rel=\"noopener\">Twitter<\/a>.<\/p>\n<p>&nbsp;<\/p>\n<p>Fonte: Aleiteia<\/p>\n","protected":false},"excerpt":{"rendered":"<p>O \u201chackathon\u201d do Vaticano est\u00e1 voltando esfor\u00e7os para enfrentar quest\u00f5es de inclus\u00e3o social, di\u00e1logo inter-religioso e a crise dos refugiados Pela primeira vez, a Igreja Cat\u00f3lica Romana organiza um \u201chackathon\u201d \u2013 uma competi\u00e7\u00e3o em que equipes de todo o mundo ir\u00e3o encontrar solu\u00e7\u00f5es tecnol\u00f3gicas para problemas espec\u00edficos. Conhecido como VHacks, a competi\u00e7\u00e3o acontece ao longo [&hellip;]<\/p>\n","protected":false},"author":1,"featured_media":38873,"comment_status":"open","ping_status":"closed","sticky":false,"template":"","format":"standard","meta":{"footnotes":""},"categories":[13],"tags":[],"class_list":["post-38872","post","type-post","status-publish","format-standard","has-post-thumbnail","hentry","category-featured"],"_links":{"self":[{"href":"https:\/\/catolicanet.net\/wp-cnet\/wp-json\/wp\/v2\/posts\/38872","targetHints":{"allow":["GET"]}}],"collection":[{"href":"https:\/\/catolicanet.net\/wp-cnet\/wp-json\/wp\/v2\/posts"}],"about":[{"href":"https:\/\/catolicanet.net\/wp-cnet\/wp-json\/wp\/v2\/types\/post"}],"author":[{"embeddable":true,"href":"https:\/\/catolicanet.net\/wp-cnet\/wp-json\/wp\/v2\/users\/1"}],"replies":[{"embeddable":true,"href":"https:\/\/catolicanet.net\/wp-cnet\/wp-json\/wp\/v2\/comments?post=38872"}],"version-history":[{"count":1,"href":"https:\/\/catolicanet.net\/wp-cnet\/wp-json\/wp\/v2\/posts\/38872\/revisions"}],"predecessor-version":[{"id":38874,"href":"https:\/\/catolicanet.net\/wp-cnet\/wp-json\/wp\/v2\/posts\/38872\/revisions\/38874"}],"wp:featuredmedia":[{"embeddable":true,"href":"https:\/\/catolicanet.net\/wp-cnet\/wp-json\/wp\/v2\/media\/38873"}],"wp:attachment":[{"href":"https:\/\/catolicanet.net\/wp-cnet\/wp-json\/wp\/v2\/media?parent=38872"}],"wp:term":[{"taxonomy":"category","embeddable":true,"href":"https:\/\/catolicanet.net\/wp-cnet\/wp-json\/wp\/v2\/categories?post=38872"},{"taxonomy":"post_tag","embeddable":true,"href":"https:\/\/catolicanet.net\/wp-cnet\/wp-json\/wp\/v2\/tags?post=38872"}],"curies":[{"name":"wp","href":"https:\/\/api.w.org\/{rel}","templated":true}]}}