{"id":38866,"date":"2018-03-08T09:32:43","date_gmt":"2018-03-08T12:32:43","guid":{"rendered":"http:\/\/catolicanet.net\/wp-cnet\/?p=38866"},"modified":"2018-03-08T09:32:43","modified_gmt":"2018-03-08T12:32:43","slug":"tema-e-nomeacoes-do-sinodo-dos-bispos-para-a-pan-amazonia","status":"publish","type":"post","link":"https:\/\/catolicanet.net\/wp-cnet\/tema-e-nomeacoes-do-sinodo-dos-bispos-para-a-pan-amazonia\/","title":{"rendered":"Tema e nomea\u00e7\u00f5es do S\u00ednodo dos Bispos para a Pan-amaz\u00f4nia"},"content":{"rendered":"<div class=\"article__subTitle\">O tema da assembleia especial do S\u00ednodo dos Bispos para a Pan-amaz\u00f4nia \u00e9 \u201cAmaz\u00f4nia: novos caminhos para a Igreja e por uma ecologia integral\u201d.<\/div>\n<div class=\"title__separator\"><\/div>\n<div class=\"article__text\">\n<p><b>Cidade do Vaticano<\/b><\/p>\n<p>O Papa Francisco estabeleceu que a assembleia especial do S\u00ednodo dos Bispos para a Pan-amaz\u00f4nia, programada para outubro de 2019, ter\u00e1 como tema: <b>\u201cAmaz\u00f4nia: novos caminhos para a Igreja e por uma ecologia integral\u201d.<\/b><\/p>\n<p>A not\u00edcia foi divulgada nesta quinta-feira (08\/03). Al\u00e9m do tema foram divulgados os nomes dos membros do Conselho pr\u00e9-sinodal, nomeados pelo Pont\u00edfice, que ir\u00e1 colaborar com a Secretaria Geral na prepara\u00e7\u00e3o dessa assembleia:<\/p>\n<p>1. Cardeal <b>Cl\u00e1udio HUMMES,<\/b> O.F.M., arcebispo em\u00e9rito de S\u00e3o Paulo (Brasil), presidente da Rede Eclesial Pan-Amaz\u00f4nica (REPAM).<\/p>\n<p>2. Cardeal <b>Peter Kodwo Appiah TURKSON<\/b>, Prefeito do Dicast\u00e9rio para o Servi\u00e7o do Desenvolvimento Humano Integral.<\/p>\n<p>3. Cardeal <b>Carlos AGUIAR RETES<\/b>, Arcebispo de Cidade do M\u00e9xico (M\u00e9xico).<\/p>\n<p>4. Dom <b>Pedro Ricardo BARRETO JIMENO<\/b>, S.I., Arcebispo de Huancayo (Peru), vice-presidente da REPAM.<\/p>\n<p>5. Dom <b>Paul Richard GALLAGHER<\/b>, Secret\u00e1rio das Rela\u00e7\u00f5es com os Estados.<\/p>\n<p>6. Dom <b>Edmundo Ponciano VALENZUELA MELLID<\/b>, Arcebispo de Assun\u00e7\u00e3o (Paraguai).<\/p>\n<p>7. Dom <b>Roque PALOSCHI,<\/b> Arcebispo de Porto Velho, Rond\u00f4nia (Brasil).<\/p>\n<p>8. Dom <b>Oscar Vicente OJEA,<\/b> Bispo de San Isidro, Presidente da Confer\u00eancia Episcopal Argentina.<\/p>\n<p>9. Dom <b>Neri Jos\u00e9 TONDELLO<\/b>, Bispo de Ju\u00edna, Mato Grosso (Brasil).<\/p>\n<p>10. Dom <b>Karel Martinus CHOENNIE<\/b>, Bispo de Paramaribo (Suriname).<\/p>\n<p>11. Dom <b>Erwin KR\u00c4UTLER, <\/b>C.PP.S., Prelado em\u00e9rito do Xingu, Par\u00e1 (Brasil).<\/p>\n<p>12. Dom <b>Jos\u00e9 \u00c1ngel DIVASS\u00d3N CILVETI,<\/b> S.D.B., vig\u00e1rio apost\u00f3lico em\u00e9rito de Puerto Ayacucho (Venezuela).<\/p>\n<p>13. Dom <b>Rafael COB GARC\u00cdA<\/b>, vig\u00e1rio apost\u00f3lico de Puyo (Equador).<\/p>\n<p>14. Dom <b>Eugenio COTER,<\/b> vig\u00e1rio apost\u00f3lico de Pando (Bol\u00edvia).<\/p>\n<p>15. Dom <b>Joaqu\u00edn Humberto PINZ\u00d3N G\u00dcIZA,<\/b> I.M.C., vig\u00e1rio apost\u00f3lico de Puerto Legu\u00edzamo-Solano (Col\u00f4mbia).<\/p>\n<p>16. Dom <b>David MART\u00cdNEZ DE AGUIRRE GUINEA<\/b>, O.P., vig\u00e1rio apost\u00f3lico de Puerto Maldonado (Peru).<\/p>\n<p>17.<b> Irm\u00e3 Mar\u00eda Irene LOPES DOS SANTOS<\/b>, S.C.M.S.T.B.G., Delegada da Confedera\u00e7\u00e3o Latino-Americana e Caribenha de Religiosos e Religiosas (CLAR).<\/p>\n<p>18. <b>Sr. Mauricio L\u00d3PEZ<\/b>, secret\u00e1rio executivo da REPAM (Equador).<\/p>\n<\/div>\n<p>Fonte: R\u00e1dio Vaticano<\/p>\n","protected":false},"excerpt":{"rendered":"<p>O tema da assembleia especial do S\u00ednodo dos Bispos para a Pan-amaz\u00f4nia \u00e9 \u201cAmaz\u00f4nia: novos caminhos para a Igreja e por uma ecologia integral\u201d. Cidade do Vaticano O Papa Francisco estabeleceu que a assembleia especial do S\u00ednodo dos Bispos para a Pan-amaz\u00f4nia, programada para outubro de 2019, ter\u00e1 como tema: \u201cAmaz\u00f4nia: novos caminhos para a [&hellip;]<\/p>\n","protected":false},"author":1,"featured_media":38867,"comment_status":"open","ping_status":"closed","sticky":false,"template":"","format":"standard","meta":{"footnotes":""},"categories":[3],"tags":[],"class_list":["post-38866","post","type-post","status-publish","format-standard","has-post-thumbnail","hentry","category-vaticano"],"_links":{"self":[{"href":"https:\/\/catolicanet.net\/wp-cnet\/wp-json\/wp\/v2\/posts\/38866","targetHints":{"allow":["GET"]}}],"collection":[{"href":"https:\/\/catolicanet.net\/wp-cnet\/wp-json\/wp\/v2\/posts"}],"about":[{"href":"https:\/\/catolicanet.net\/wp-cnet\/wp-json\/wp\/v2\/types\/post"}],"author":[{"embeddable":true,"href":"https:\/\/catolicanet.net\/wp-cnet\/wp-json\/wp\/v2\/users\/1"}],"replies":[{"embeddable":true,"href":"https:\/\/catolicanet.net\/wp-cnet\/wp-json\/wp\/v2\/comments?post=38866"}],"version-history":[{"count":1,"href":"https:\/\/catolicanet.net\/wp-cnet\/wp-json\/wp\/v2\/posts\/38866\/revisions"}],"predecessor-version":[{"id":38868,"href":"https:\/\/catolicanet.net\/wp-cnet\/wp-json\/wp\/v2\/posts\/38866\/revisions\/38868"}],"wp:featuredmedia":[{"embeddable":true,"href":"https:\/\/catolicanet.net\/wp-cnet\/wp-json\/wp\/v2\/media\/38867"}],"wp:attachment":[{"href":"https:\/\/catolicanet.net\/wp-cnet\/wp-json\/wp\/v2\/media?parent=38866"}],"wp:term":[{"taxonomy":"category","embeddable":true,"href":"https:\/\/catolicanet.net\/wp-cnet\/wp-json\/wp\/v2\/categories?post=38866"},{"taxonomy":"post_tag","embeddable":true,"href":"https:\/\/catolicanet.net\/wp-cnet\/wp-json\/wp\/v2\/tags?post=38866"}],"curies":[{"name":"wp","href":"https:\/\/api.w.org\/{rel}","templated":true}]}}