{"id":38863,"date":"2018-03-08T09:04:56","date_gmt":"2018-03-08T12:04:56","guid":{"rendered":"http:\/\/catolicanet.net\/wp-cnet\/?p=38863"},"modified":"2018-03-08T09:04:56","modified_gmt":"2018-03-08T12:04:56","slug":"migracao-papa-pede-acoes-concretas-para-alivar-condicoes-desumanas","status":"publish","type":"post","link":"https:\/\/catolicanet.net\/wp-cnet\/migracao-papa-pede-acoes-concretas-para-alivar-condicoes-desumanas\/","title":{"rendered":"Migra\u00e7\u00e3o: Papa pede a\u00e7\u00f5es concretas para alivar &#8220;condi\u00e7\u00f5es desumanas&#8221;"},"content":{"rendered":"<div class=\"article__subTitle\">O Brasil \u00e9 um dos membros da Comiss\u00e3o Cat\u00f3lica Internacional para as Migra\u00e7\u00f5es, recebidos em audi\u00eancia pelo Papa Francisco na Sala Clementina.<\/div>\n<div class=\"title__separator\"><\/div>\n<div class=\"article__text\">\n<p><b>Cidade do Vaticano \u2013<\/b><\/p>\n<p>O Papa Francisco recebeu em audi\u00eancia na manh\u00e3 de quinta-feira (08\/03) os membros da Plen\u00e1ria da Comiss\u00e3o Internacional Cat\u00f3lica para as Migra\u00e7\u00f5es (Icmc), reunidos em Roma.<\/p>\n<p>A Comiss\u00e3o nasceu depois da II Guerra Mundial, em 1951, para fazer frente ao maci\u00e7o fluxo de refugiados, e esta realidade, disse o Papa Francisco, n\u00e3o mudou com o tempo. Pelo contr\u00e1rio, se refor\u00e7ou em considera\u00e7\u00e3o das condi\u00e7\u00f5es desumanas em que vivem milh\u00f5es de irm\u00e3os e irm\u00e3s migrantes e refugiados em v\u00e1rias partes do mundo.<\/p>\n<h2>Experi\u00eancia inestim\u00e1vel<\/h2>\n<p>As necessidades se tornaram mais complexas, os instrumentos de resposta mais sofisticados e o servi\u00e7o, mais profissional. O Pont\u00edfice encorajou os membros a continuarem esta obra atrav\u00e9s da \u201cexperi\u00eancia inestim\u00e1vel\u201d que acumularam com os passar dos anos. E acrescentou:<\/p>\n<p>\u201cO trabalho n\u00e3o terminou. Juntos, devemos encorajar os Estados a concordar respostas sempre mais adequadas e eficazes aos desafios apresentados pelos fen\u00f4menos migrat\u00f3rios.\u201d<\/p>\n<h2>V\u00edtimas de viol\u00eancia<\/h2>\n<p>Isso ser\u00e1 poss\u00edvel faz\u00ea-lo, continuou o Papa, com base nos princ\u00edpios fundamentais da Doutrina Social da Igreja. E fez votos de que a Comiss\u00e3o continue a obra animando as Igrejas locais a trabalharem em prol das pessoas que s\u00e3o obrigadas a deixar a pr\u00f3pria p\u00e1tria e que se tornam com frequ\u00eancia v\u00edtimas de falsas promessas, viol\u00eancias e abusos de todo g\u00eanero.<\/p>\n<h2>Das palavras \u00e0 a\u00e7\u00e3o<\/h2>\n<p>Francisco destacou ainda que \u00e9 preciso se empenhar para garantir que \u00e0s palavras codificadas nos Acordos sigam a\u00e7\u00f5es concretas no sinal de uma responsabilidade global e compartilhada.<\/p>\n<p>\u201cMas o empenho da Comiss\u00e3o vai al\u00e9m\u201d, ressaltou o Papa. \u201cPe\u00e7o ao Esp\u00edrito Santo que continue a iluminar esta importante miss\u00e3o, manifestando o amor misericordioso de Deus aos nossos irm\u00e3os e irm\u00e3s migrantes e refugiados.\u201d<\/p>\n<div>\n<div class=\"article__embed article__embed--unwrap article__embed--dark\">\n<div class=\"article__innerTitle\">Ou\u00e7a a reportagem com a voz do Papa Francisco<\/div>\n<\/div>\n<div>\n<audio class=\"wp-audio-shortcode\" id=\"audio-38863-1\" preload=\"none\" style=\"width: 100%;\" controls=\"controls\"><source type=\"audio\/mpeg\" src=\"http:\/\/media.vaticannews.va\/media\/audio\/s1\/2018\/3\/8\/10\/134321095_F134321095.mp3?_=1\" \/><a href=\"http:\/\/media.vaticannews.va\/media\/audio\/s1\/2018\/3\/8\/10\/134321095_F134321095.mp3\">http:\/\/media.vaticannews.va\/media\/audio\/s1\/2018\/3\/8\/10\/134321095_F134321095.mp3<\/a><\/audio>\n<p>Fonte: R\u00e1dio Vaticano<\/p>\n<\/div>\n<\/div>\n<\/div>\n","protected":false},"excerpt":{"rendered":"<p>O Brasil \u00e9 um dos membros da Comiss\u00e3o Cat\u00f3lica Internacional para as Migra\u00e7\u00f5es, recebidos em audi\u00eancia pelo Papa Francisco na Sala Clementina. Cidade do Vaticano \u2013 O Papa Francisco recebeu em audi\u00eancia na manh\u00e3 de quinta-feira (08\/03) os membros da Plen\u00e1ria da Comiss\u00e3o Internacional Cat\u00f3lica para as Migra\u00e7\u00f5es (Icmc), reunidos em Roma. A Comiss\u00e3o nasceu [&hellip;]<\/p>\n","protected":false},"author":1,"featured_media":38864,"comment_status":"open","ping_status":"closed","sticky":false,"template":"","format":"standard","meta":{"footnotes":""},"categories":[3],"tags":[],"class_list":["post-38863","post","type-post","status-publish","format-standard","has-post-thumbnail","hentry","category-vaticano"],"_links":{"self":[{"href":"https:\/\/catolicanet.net\/wp-cnet\/wp-json\/wp\/v2\/posts\/38863","targetHints":{"allow":["GET"]}}],"collection":[{"href":"https:\/\/catolicanet.net\/wp-cnet\/wp-json\/wp\/v2\/posts"}],"about":[{"href":"https:\/\/catolicanet.net\/wp-cnet\/wp-json\/wp\/v2\/types\/post"}],"author":[{"embeddable":true,"href":"https:\/\/catolicanet.net\/wp-cnet\/wp-json\/wp\/v2\/users\/1"}],"replies":[{"embeddable":true,"href":"https:\/\/catolicanet.net\/wp-cnet\/wp-json\/wp\/v2\/comments?post=38863"}],"version-history":[{"count":1,"href":"https:\/\/catolicanet.net\/wp-cnet\/wp-json\/wp\/v2\/posts\/38863\/revisions"}],"predecessor-version":[{"id":38865,"href":"https:\/\/catolicanet.net\/wp-cnet\/wp-json\/wp\/v2\/posts\/38863\/revisions\/38865"}],"wp:featuredmedia":[{"embeddable":true,"href":"https:\/\/catolicanet.net\/wp-cnet\/wp-json\/wp\/v2\/media\/38864"}],"wp:attachment":[{"href":"https:\/\/catolicanet.net\/wp-cnet\/wp-json\/wp\/v2\/media?parent=38863"}],"wp:term":[{"taxonomy":"category","embeddable":true,"href":"https:\/\/catolicanet.net\/wp-cnet\/wp-json\/wp\/v2\/categories?post=38863"},{"taxonomy":"post_tag","embeddable":true,"href":"https:\/\/catolicanet.net\/wp-cnet\/wp-json\/wp\/v2\/tags?post=38863"}],"curies":[{"name":"wp","href":"https:\/\/api.w.org\/{rel}","templated":true}]}}