{"id":38817,"date":"2018-03-06T15:21:38","date_gmt":"2018-03-06T18:21:38","guid":{"rendered":"http:\/\/catolicanet.net\/wp-cnet\/?p=38817"},"modified":"2018-03-06T15:21:38","modified_gmt":"2018-03-06T18:21:38","slug":"setor-universidades-inicia-articulacao-no-regional-oeste-2","status":"publish","type":"post","link":"https:\/\/catolicanet.net\/wp-cnet\/setor-universidades-inicia-articulacao-no-regional-oeste-2\/","title":{"rendered":"Setor Universidades inicia articula\u00e7\u00e3o no Regional Oeste 2"},"content":{"rendered":"<p>O Setor Universidades da Comiss\u00e3o Episcopal Pastoral para Cultura e Educa\u00e7\u00e3o da Confer\u00eancia Nacional dos Bispos do Brasil (CNBB), realizou nos dias 24 e 25, no Regional Oeste 2 da CNBB, em Cuiab\u00e1 (MT), o primeiro encontro de articula\u00e7\u00e3o do setor no regional.\u00a0Estiveram presentes representantes da arquidiocese de Cuiab\u00e1, dioceses de Barra do Gar\u00e7as, Primavera do Leste-Paranatinga, Rondon\u00f3polis-Guiratinga, S\u00e3o Luiz de C\u00e1ceres e Sinop, do Minist\u00e9rio Universidades Renovadas da Renova\u00e7\u00e3o Carism\u00e1tica Cat\u00f3lica e do Movimento Cursilho de Cristandade.<\/p>\n<p>Leia a not\u00edcia completa no site da <a href=\"http:\/\/cnbbeducacaoecultura.sitesparresia.com\/setor-universidades-inicia-articulacao-no-regional-o2-mato-grosso\/\">Comiss\u00e3o Episcopal Pastoral para Cultura e Educa\u00e7\u00e3o da CNBB<\/a><\/p>\n<p>&nbsp;<\/p>\n<p>Fonte: CNBB<\/p>\n","protected":false},"excerpt":{"rendered":"<p>O Setor Universidades da Comiss\u00e3o Episcopal Pastoral para Cultura e Educa\u00e7\u00e3o da Confer\u00eancia Nacional dos Bispos do Brasil (CNBB), realizou nos dias 24 e 25, no Regional Oeste 2 da CNBB, em Cuiab\u00e1 (MT), o primeiro encontro de articula\u00e7\u00e3o do setor no regional.\u00a0Estiveram presentes representantes da arquidiocese de Cuiab\u00e1, dioceses de Barra do Gar\u00e7as, Primavera [&hellip;]<\/p>\n","protected":false},"author":1,"featured_media":38818,"comment_status":"open","ping_status":"closed","sticky":false,"template":"","format":"standard","meta":{"footnotes":""},"categories":[7],"tags":[],"class_list":["post-38817","post","type-post","status-publish","format-standard","has-post-thumbnail","hentry","category-cnbb"],"_links":{"self":[{"href":"https:\/\/catolicanet.net\/wp-cnet\/wp-json\/wp\/v2\/posts\/38817","targetHints":{"allow":["GET"]}}],"collection":[{"href":"https:\/\/catolicanet.net\/wp-cnet\/wp-json\/wp\/v2\/posts"}],"about":[{"href":"https:\/\/catolicanet.net\/wp-cnet\/wp-json\/wp\/v2\/types\/post"}],"author":[{"embeddable":true,"href":"https:\/\/catolicanet.net\/wp-cnet\/wp-json\/wp\/v2\/users\/1"}],"replies":[{"embeddable":true,"href":"https:\/\/catolicanet.net\/wp-cnet\/wp-json\/wp\/v2\/comments?post=38817"}],"version-history":[{"count":1,"href":"https:\/\/catolicanet.net\/wp-cnet\/wp-json\/wp\/v2\/posts\/38817\/revisions"}],"predecessor-version":[{"id":38819,"href":"https:\/\/catolicanet.net\/wp-cnet\/wp-json\/wp\/v2\/posts\/38817\/revisions\/38819"}],"wp:featuredmedia":[{"embeddable":true,"href":"https:\/\/catolicanet.net\/wp-cnet\/wp-json\/wp\/v2\/media\/38818"}],"wp:attachment":[{"href":"https:\/\/catolicanet.net\/wp-cnet\/wp-json\/wp\/v2\/media?parent=38817"}],"wp:term":[{"taxonomy":"category","embeddable":true,"href":"https:\/\/catolicanet.net\/wp-cnet\/wp-json\/wp\/v2\/categories?post=38817"},{"taxonomy":"post_tag","embeddable":true,"href":"https:\/\/catolicanet.net\/wp-cnet\/wp-json\/wp\/v2\/tags?post=38817"}],"curies":[{"name":"wp","href":"https:\/\/api.w.org\/{rel}","templated":true}]}}