{"id":38811,"date":"2018-03-06T14:50:43","date_gmt":"2018-03-06T17:50:43","guid":{"rendered":"http:\/\/catolicanet.net\/wp-cnet\/?p=38811"},"modified":"2018-03-06T14:50:43","modified_gmt":"2018-03-06T17:50:43","slug":"card-parolin-encontrar-os-migrantes-e-nao-ter-medo-deles","status":"publish","type":"post","link":"https:\/\/catolicanet.net\/wp-cnet\/card-parolin-encontrar-os-migrantes-e-nao-ter-medo-deles\/","title":{"rendered":"Card. Parolin: encontrar os migrantes e n\u00e3o ter medo deles"},"content":{"rendered":"<div class=\"article__subTitle\">No Vaticano, Secret\u00e1rio de Estado abriu encontro da Comiss\u00e3o internacional cat\u00f3lica para migra\u00e7\u00e3o e pediu uma mudan\u00e7a de atitude neste sentido: &#8220;Difundir uma percep\u00e7\u00e3o equilibrada e positiva da migra\u00e7\u00e3o&#8221;.<\/div>\n<div class=\"title__separator\"><\/div>\n<div class=\"article__text\">\n<p><b>Cristiane Murray &#8211; Cidade do Vaticano<\/b><\/p>\n<p>O Secret\u00e1rio de Estado vaticano, <b>Cardeal Pietro Parolin<\/b>, abriu na manh\u00e3 desta ter\u00e7a-feira (06\/03), no Vaticano, o <a href=\"http:\/\/www.vaticannews.va\/pt\/igreja\/news\/2018-03\/migrantes-refugiados-desafio-igreja-catolica-roma-papa-francisco.html\" target=\"_blank\" rel=\"noopener\">encontro<\/a> da Comiss\u00e3o internacional cat\u00f3lica para migra\u00e7\u00e3o (ICMC). O organismo re\u00fane representantes das Confer\u00eancias episcopais e das ag\u00eancias cat\u00f3licas que se ocupam de migrantes e refugiados e est\u00e1 presente em 50 pa\u00edses no mundo inteiro.<\/p>\n<h2>A Comiss\u00e3o<\/h2>\n<p>A ICMC foi criada ap\u00f3s a II Guerra Mundial, quando houve um maci\u00e7o movimento de refugiados no mundo e o Papa Pio XII a instituiu como representante cat\u00f3lico de informa\u00e7\u00e3o e coordena\u00e7\u00e3o. O objetivo era promover a aplica\u00e7\u00e3o dos princ\u00edpios crist\u00e3os e pol\u00edticas de prote\u00e7\u00e3o da fam\u00edlia no campo das migra\u00e7\u00f5es.<\/p>\n<p>Desde ent\u00e3o, a ICMC tem tecido rela\u00e7\u00f5es e colaborado com ag\u00eancias governamentais e n\u00e3o-governamentais em muitos pa\u00edses e promovido o di\u00e1logo entre atores de diferentes denomina\u00e7\u00f5es crist\u00e3s. Al\u00e9m de parcerias com importantes institui\u00e7\u00f5es internacionais, a Comiss\u00e3o trabalha em contato direto, h\u00e1 pouco mais de um ano, com a Se\u00e7\u00e3o Migrantes e Refugiados do Dicast\u00e9rio para o Servi\u00e7o do Desenvolvimento Humano Integral.<\/p>\n<h2>Pessoas e n\u00e3o n\u00fameros<\/h2>\n<p>&nbsp;<\/p>\n<p>Em seu discurso aos participantes do encontro, o Cardeal Parolin enalteceu a contribui\u00e7\u00e3o do ICMC na prepara\u00e7\u00e3o dos Global Compacts (Pactos Globais) por uma migra\u00e7\u00e3o segura, ordenada e regular e pelos refugiados.<\/p>\n<p>\u201cEsperamos que estes dois documentos possam responder \u00e0s necessidades de maior prote\u00e7\u00e3o e tutela dos direitos humanos destas pessoas diante das retic\u00eancias de v\u00e1rios pa\u00edses\u201d, afirmou.<\/p>\n<p>\u201cFala-se n\u00e3o de n\u00fameros mas de pessoas: homens, mulheres e crian\u00e7as que t\u00eam um rosto, que muito sofrem e que s\u00e3o descartados\u201d.<\/p>\n<div>\n<div class=\"article__embed article__embed--border embed_style\">\n<blockquote><p>\u201c Um rosto humano no qual vemos o rosto de Cristo, que queremos servir especialmente naqueles que s\u00e3o os menores e com mais necessidades \u201d<\/p><\/blockquote>\n<\/div>\n<\/div>\n<p>O Secret\u00e1rio de Estado ressaltou o apoio da ICMC em manter unidas as fam\u00edlias, um aspecto que considera delicado e que requer maior aten\u00e7\u00e3o e acompanhamento.<\/p>\n<p>Outra \u2018frente\u2019 apresentada \u00e9 a nega\u00e7\u00e3o do acolhimento. \u201cEmbora muitas na\u00e7\u00f5es devam seu desenvolvimento aos migrantes e apesar de suas experiencias terr\u00edveis serem divulgadas, a migra\u00e7\u00e3o \u00e9 vista somente como emerg\u00eancia ou perigo, mesmo sendo um elemento comum em nossas sociedades\u201d, destacou.<\/p>\n<h2>Difundir uma percep\u00e7\u00e3o equilibrada e positiva da migra\u00e7\u00e3o<\/h2>\n<p>O Cardeal Parolin recordou as palavras do Papa em defesa da \u2018cultura do encontro\u2019, capaz de construir um mundo mais justo e fraterno e frisou que trabalhar por uma mudan\u00e7a de atitude neste sentido \u00e9 um dos compromissos mais urgentes hoje.<\/p>\n<p>E ainda mencionando palavras do Pont\u00edfice, o Cardeal encerrou:<\/p>\n<p>&#8220;Levemos a todos, atrav\u00e9s do nosso amor concreto, o an\u00fancio livre do amor de Deus que acolhe, protege, sabe valorizar e fazer sentir parte de Sua fam\u00edlia&#8221;.<\/p>\n<div>\n<div class=\"article__embed article__embed--border embed_style\">\n<blockquote><p>\u201c Deus, que sabe recompensar esfor\u00e7os e gestos de boa vontade, nos ajude a nos abrirmos sem medo e indecis\u00f5es aos novos apelos do Esp\u00edrito, pelo bem dos irm\u00e3os \u201d<\/p><\/blockquote>\n<\/div>\n<\/div>\n<p>No encontro atual, ser\u00e1 escolhido o novo Presidente da ICMC. Os participantes ser\u00e3o recebidos pelo Papa Francisco dia 08\/03.<\/p>\n<div>\n<div class=\"article__embed article__embed--unwrap article__embed--dark\">\n<div class=\"article__innerTitle\">Ou\u00e7a a reportagem<\/div>\n<div>\n<!--[if lt IE 9]><script>document.createElement('audio');<\/script><![endif]-->\n<audio class=\"wp-audio-shortcode\" id=\"audio-38811-1\" preload=\"none\" style=\"width: 100%;\" controls=\"controls\"><source type=\"audio\/mpeg\" src=\"http:\/\/media.vaticannews.va\/media\/audio\/s1\/2018\/3\/6\/14\/134317932_F134317932.mp3?_=1\" \/><a href=\"http:\/\/media.vaticannews.va\/media\/audio\/s1\/2018\/3\/6\/14\/134317932_F134317932.mp3\">http:\/\/media.vaticannews.va\/media\/audio\/s1\/2018\/3\/6\/14\/134317932_F134317932.mp3<\/a><\/audio>\n<\/div>\n<\/div>\n<\/div>\n<\/div>\n<div><\/div>\n<div><\/div>\n<div>Fonte: R\u00e1dio Vaticano<\/div>\n","protected":false},"excerpt":{"rendered":"<p>No Vaticano, Secret\u00e1rio de Estado abriu encontro da Comiss\u00e3o internacional cat\u00f3lica para migra\u00e7\u00e3o e pediu uma mudan\u00e7a de atitude neste sentido: &#8220;Difundir uma percep\u00e7\u00e3o equilibrada e positiva da migra\u00e7\u00e3o&#8221;. Cristiane Murray &#8211; Cidade do Vaticano O Secret\u00e1rio de Estado vaticano, Cardeal Pietro Parolin, abriu na manh\u00e3 desta ter\u00e7a-feira (06\/03), no Vaticano, o encontro da Comiss\u00e3o [&hellip;]<\/p>\n","protected":false},"author":1,"featured_media":38812,"comment_status":"open","ping_status":"closed","sticky":false,"template":"","format":"standard","meta":{"footnotes":""},"categories":[3],"tags":[],"class_list":["post-38811","post","type-post","status-publish","format-standard","has-post-thumbnail","hentry","category-vaticano"],"_links":{"self":[{"href":"https:\/\/catolicanet.net\/wp-cnet\/wp-json\/wp\/v2\/posts\/38811","targetHints":{"allow":["GET"]}}],"collection":[{"href":"https:\/\/catolicanet.net\/wp-cnet\/wp-json\/wp\/v2\/posts"}],"about":[{"href":"https:\/\/catolicanet.net\/wp-cnet\/wp-json\/wp\/v2\/types\/post"}],"author":[{"embeddable":true,"href":"https:\/\/catolicanet.net\/wp-cnet\/wp-json\/wp\/v2\/users\/1"}],"replies":[{"embeddable":true,"href":"https:\/\/catolicanet.net\/wp-cnet\/wp-json\/wp\/v2\/comments?post=38811"}],"version-history":[{"count":1,"href":"https:\/\/catolicanet.net\/wp-cnet\/wp-json\/wp\/v2\/posts\/38811\/revisions"}],"predecessor-version":[{"id":38813,"href":"https:\/\/catolicanet.net\/wp-cnet\/wp-json\/wp\/v2\/posts\/38811\/revisions\/38813"}],"wp:featuredmedia":[{"embeddable":true,"href":"https:\/\/catolicanet.net\/wp-cnet\/wp-json\/wp\/v2\/media\/38812"}],"wp:attachment":[{"href":"https:\/\/catolicanet.net\/wp-cnet\/wp-json\/wp\/v2\/media?parent=38811"}],"wp:term":[{"taxonomy":"category","embeddable":true,"href":"https:\/\/catolicanet.net\/wp-cnet\/wp-json\/wp\/v2\/categories?post=38811"},{"taxonomy":"post_tag","embeddable":true,"href":"https:\/\/catolicanet.net\/wp-cnet\/wp-json\/wp\/v2\/tags?post=38811"}],"curies":[{"name":"wp","href":"https:\/\/api.w.org\/{rel}","templated":true}]}}