{"id":38770,"date":"2018-03-05T15:48:09","date_gmt":"2018-03-05T18:48:09","guid":{"rendered":"http:\/\/catolicanet.net\/wp-cnet\/?p=38770"},"modified":"2018-03-05T15:48:09","modified_gmt":"2018-03-05T18:48:09","slug":"quaresma-paixao-segundo-sao-joao-de-arvo-part-integra-programa-da-semana-santa-em-braga","status":"publish","type":"post","link":"https:\/\/catolicanet.net\/wp-cnet\/quaresma-paixao-segundo-sao-joao-de-arvo-part-integra-programa-da-semana-santa-em-braga\/","title":{"rendered":"Quaresma: \u00abPaix\u00e3o Segundo S\u00e3o Jo\u00e3o\u00bb, de Arvo P\u00e4rt integra programa da Semana Santa em Braga"},"content":{"rendered":"<p><em>Arquidiocese atenta \u00e0 dimens\u00e3o cultural das celebra\u00e7\u00f5es<\/em><span id=\"more-98304\"><\/span><\/p>\n<p>Braga, 05 mar 2018 (Ecclesia) \u2013 A Arquidiocese de Braga oferece durante o tempo da Quaresma e a Semana Santa uma \u201cdimens\u00e3o cultural\u201d, para al\u00e9m do ritmo lit\u00fargico da tradi\u00e7\u00e3o crist\u00e3.<\/p>\n<p>A dimens\u00e3o cultural dos momentos que antecedem a celebra\u00e7\u00e3o da P\u00e1scoa, em Braga, engloba exposi\u00e7\u00f5es, \u201cespet\u00e1culos e concertos\u201d, onde se afirma \u201ca beleza\u201d destas propostas cat\u00f3licas, explica o padre Luis Miguel Figueiredo, respons\u00e1vel pela Comiss\u00e3o Organizadora da Semana Santa.<\/p>\n<p>Atrav\u00e9s das manifesta\u00e7\u00f5es art\u00edsticas e culturais, o programa desta iniciativa tem \u201cassociado \u2013 h\u00e1 muitos anos \u2013 um grande valor de m\u00fasica lit\u00fargica e religiosa\u201d, frisou o sacerdote.<\/p>\n<p>Todos os anos, a comiss\u00e3o oferece v\u00e1rios concertos e, para al\u00e9m do que \u00e9 organizado pela Irmandade de Santa Cruz e da Santa Casa da Miseric\u00f3rdia, a \u201cgrande novidade\u201d de 2018 \u00e9 a apresenta\u00e7\u00e3o da \u2018Paix\u00e3o segundo S\u00e3o Jo\u00e3o\u2019 de Arvo P\u00e4rt, na Capela Imaculada\u201d, e um concerto de metais no s\u00e1bado de Pascoela (antecede o segundo domingo da P\u00e1scoa), onde se diz \u201co sentido da Semana Santa\u201d, sublinha o respons\u00e1vel.<\/p>\n<p><img loading=\"lazy\" decoding=\"async\" class=\"size-medium wp-image-98305 alignright\" src=\"http:\/\/www.agencia.ecclesia.pt\/portal\/wp-content\/uploads\/2018\/03\/BannerSemanaSanta2018_1920x500-300x200.jpg\" sizes=\"auto, (max-width: 300px) 100vw, 300px\" srcset=\"http:\/\/www.agencia.ecclesia.pt\/portal\/wp-content\/uploads\/2018\/03\/BannerSemanaSanta2018_1920x500-300x200.jpg 300w, http:\/\/www.agencia.ecclesia.pt\/portal\/wp-content\/uploads\/2018\/03\/BannerSemanaSanta2018_1920x500.jpg 747w\" alt=\"\" width=\"300\" height=\"200\" \/>\u201cFazer a Semana Santa sem comemorar a Ressurrei\u00e7\u00e3o n\u00e3o faz sentido\u201d, afirmou.<\/p>\n<p>A <a href=\"http:\/\/semanasantabraga.com\/\" target=\"_blank\" rel=\"noopener\">Semana Santa<\/a> \u201cenche\u201d a cidade de Braga \u201cde turistas e visitantes\u201d e a comiss\u00e3o, tendo conhecimento desta realidade, procura \u201cem cada ano receber melhor\u201d e \u201cajudar os visitantes a compreender melhor as tradi\u00e7\u00f5es\u201d, reconhece o padre Luis Figueiredo.<\/p>\n<p>O sacerdote sublinha que as celebra\u00e7\u00f5es s\u00e3o vividas \u201ccom muito afinco\u201d e recorda que, em termos lit\u00fargicos, \u201cexistem algumas particularidades do rito bracarense\u201d.<\/p>\n<p>&nbsp;<\/p>\n<p>Fonte: Agencia Ecclesia<\/p>\n","protected":false},"excerpt":{"rendered":"<p>Arquidiocese atenta \u00e0 dimens\u00e3o cultural das celebra\u00e7\u00f5es Braga, 05 mar 2018 (Ecclesia) \u2013 A Arquidiocese de Braga oferece durante o tempo da Quaresma e a Semana Santa uma \u201cdimens\u00e3o cultural\u201d, para al\u00e9m do ritmo lit\u00fargico da tradi\u00e7\u00e3o crist\u00e3. A dimens\u00e3o cultural dos momentos que antecedem a celebra\u00e7\u00e3o da P\u00e1scoa, em Braga, engloba exposi\u00e7\u00f5es, \u201cespet\u00e1culos e [&hellip;]<\/p>\n","protected":false},"author":1,"featured_media":38771,"comment_status":"open","ping_status":"closed","sticky":false,"template":"","format":"standard","meta":{"footnotes":""},"categories":[13],"tags":[],"class_list":["post-38770","post","type-post","status-publish","format-standard","has-post-thumbnail","hentry","category-featured"],"_links":{"self":[{"href":"https:\/\/catolicanet.net\/wp-cnet\/wp-json\/wp\/v2\/posts\/38770","targetHints":{"allow":["GET"]}}],"collection":[{"href":"https:\/\/catolicanet.net\/wp-cnet\/wp-json\/wp\/v2\/posts"}],"about":[{"href":"https:\/\/catolicanet.net\/wp-cnet\/wp-json\/wp\/v2\/types\/post"}],"author":[{"embeddable":true,"href":"https:\/\/catolicanet.net\/wp-cnet\/wp-json\/wp\/v2\/users\/1"}],"replies":[{"embeddable":true,"href":"https:\/\/catolicanet.net\/wp-cnet\/wp-json\/wp\/v2\/comments?post=38770"}],"version-history":[{"count":1,"href":"https:\/\/catolicanet.net\/wp-cnet\/wp-json\/wp\/v2\/posts\/38770\/revisions"}],"predecessor-version":[{"id":38772,"href":"https:\/\/catolicanet.net\/wp-cnet\/wp-json\/wp\/v2\/posts\/38770\/revisions\/38772"}],"wp:featuredmedia":[{"embeddable":true,"href":"https:\/\/catolicanet.net\/wp-cnet\/wp-json\/wp\/v2\/media\/38771"}],"wp:attachment":[{"href":"https:\/\/catolicanet.net\/wp-cnet\/wp-json\/wp\/v2\/media?parent=38770"}],"wp:term":[{"taxonomy":"category","embeddable":true,"href":"https:\/\/catolicanet.net\/wp-cnet\/wp-json\/wp\/v2\/categories?post=38770"},{"taxonomy":"post_tag","embeddable":true,"href":"https:\/\/catolicanet.net\/wp-cnet\/wp-json\/wp\/v2\/tags?post=38770"}],"curies":[{"name":"wp","href":"https:\/\/api.w.org\/{rel}","templated":true}]}}